
{"id":21726,"date":"2018-12-19T19:23:35","date_gmt":"2018-12-19T19:23:35","guid":{"rendered":"https:\/\/www.lejournalduforkane.com\/?p=21726"},"modified":"2018-12-19T19:23:35","modified_gmt":"2018-12-19T19:23:35","slug":"le-ministre-des-affaires-etrangeres-du-bahrein-defend-la-reconnaissance-australienne-de-jerusalem-en-tant-que-capitale-disrael","status":"publish","type":"post","link":"https:\/\/www.lejournalduforkane.com\/index.php\/le-ministre-des-affaires-etrangeres-du-bahrein-defend-la-reconnaissance-australienne-de-jerusalem-en-tant-que-capitale-disrael\/","title":{"rendered":"Le Ministre des affaires \u00e9trang\u00e8res du Bahre\u00efn d\u00e9fend la reconnaissance australienne de J\u00e9rusalem en tant que capitale d&rsquo;Isra\u00ebl !!"},"content":{"rendered":"<p><!--more--><\/p>\n<p>Le Ministre des affaires \u00e9trang\u00e8res du Bahre\u00efn d\u00e9fend la reconnaissance australienne de J\u00e9rusalem en tant que capitale d&rsquo;Isra\u00ebl !!<\/p>\n<p>Quelle honte !!!<\/p>\n<p><iframe loading=\"lazy\" width=\"620\" height=\"405\" src=\"\/\/rutube.ru\/play\/embed\/11850728\" frameborder=\"0\" webkitAllowFullScreen mozallowfullscreen allowfullscreen><\/iframe><\/p>\n","protected":false},"excerpt":{"rendered":"Le Ministre des affaires \u00e9trang\u00e8res du Bahre\u00efn d\u00e9fend la reconnaissance australienne de J\u00e9rusalem en tant que capitale d'Isra\u00ebl !! Quelle honte !!!","protected":false},"author":2,"featured_media":0,"comment_status":"closed","ping_status":"open","sticky":false,"template":"","format":"standard","meta":[],"categories":[49],"tags":[],"_links":{"self":[{"href":"https:\/\/www.lejournalduforkane.com\/index.php\/wp-json\/wp\/v2\/posts\/21726"}],"collection":[{"href":"https:\/\/www.lejournalduforkane.com\/index.php\/wp-json\/wp\/v2\/posts"}],"about":[{"href":"https:\/\/www.lejournalduforkane.com\/index.php\/wp-json\/wp\/v2\/types\/post"}],"author":[{"embeddable":true,"href":"https:\/\/www.lejournalduforkane.com\/index.php\/wp-json\/wp\/v2\/users\/2"}],"replies":[{"embeddable":true,"href":"https:\/\/www.lejournalduforkane.com\/index.php\/wp-json\/wp\/v2\/comments?post=21726"}],"version-history":[{"count":1,"href":"https:\/\/www.lejournalduforkane.com\/index.php\/wp-json\/wp\/v2\/posts\/21726\/revisions"}],"predecessor-version":[{"id":21728,"href":"https:\/\/www.lejournalduforkane.com\/index.php\/wp-json\/wp\/v2\/posts\/21726\/revisions\/21728"}],"wp:attachment":[{"href":"https:\/\/www.lejournalduforkane.com\/index.php\/wp-json\/wp\/v2\/media?parent=21726"}],"wp:term":[{"taxonomy":"category","embeddable":true,"href":"https:\/\/www.lejournalduforkane.com\/index.php\/wp-json\/wp\/v2\/categories?post=21726"},{"taxonomy":"post_tag","embeddable":true,"href":"https:\/\/www.lejournalduforkane.com\/index.php\/wp-json\/wp\/v2\/tags?post=21726"}],"curies":[{"name":"wp","href":"https:\/\/api.w.org\/{rel}","templated":true}]}}