
{"id":21730,"date":"2019-11-12T11:32:48","date_gmt":"2019-11-12T11:32:48","guid":{"rendered":"https:\/\/www.lejournalduforkane.com\/?p=21730"},"modified":"2019-11-13T18:55:58","modified_gmt":"2019-11-13T18:55:58","slug":"le-president-bolivien-evo-morales-sest-paye-donald-trump-a-lassemblee-generale-de-lonu-avec-un-courage-inconnu-en-europe-ca-pique","status":"publish","type":"post","link":"https:\/\/www.lejournalduforkane.com\/index.php\/le-president-bolivien-evo-morales-sest-paye-donald-trump-a-lassemblee-generale-de-lonu-avec-un-courage-inconnu-en-europe-ca-pique\/","title":{"rendered":"Le pr\u00e9sident bolivien Evo Morales s&rsquo;est pay\u00e9 Donald Trump \u00e0 l&rsquo;Assembl\u00e9e g\u00e9n\u00e9rale de l&rsquo;ONU avec un courage inconnu en Europe, \u00e7a pique&#8230;"},"content":{"rendered":"<p><!--more--><\/p>\n<p>Le pr\u00e9sident bolivien Evo Morales s&rsquo;est pay\u00e9 Donald Trump \u00e0 l&rsquo;Assembl\u00e9e g\u00e9n\u00e9rale de l&rsquo;ONU avec un courage inconnu en Europe, \u00e7a pique&#8230;<\/p>\n<p><iframe loading=\"lazy\" src=\"\/\/rutube.ru\/play\/embed\/11850748\" width=\"620\" height=\"405\" frameborder=\"0\" allowfullscreen=\"allowfullscreen\"><\/iframe><\/p>\n","protected":false},"excerpt":{"rendered":"Le pr\u00e9sident bolivien Evo Morales s'est pay\u00e9 Donald Trump \u00e0 l'Assembl\u00e9e g\u00e9n\u00e9rale de l'ONU avec un courage inconnu en Europe, \u00e7a pique...","protected":false},"author":2,"featured_media":0,"comment_status":"closed","ping_status":"open","sticky":false,"template":"","format":"standard","meta":[],"categories":[],"tags":[],"_links":{"self":[{"href":"https:\/\/www.lejournalduforkane.com\/index.php\/wp-json\/wp\/v2\/posts\/21730"}],"collection":[{"href":"https:\/\/www.lejournalduforkane.com\/index.php\/wp-json\/wp\/v2\/posts"}],"about":[{"href":"https:\/\/www.lejournalduforkane.com\/index.php\/wp-json\/wp\/v2\/types\/post"}],"author":[{"embeddable":true,"href":"https:\/\/www.lejournalduforkane.com\/index.php\/wp-json\/wp\/v2\/users\/2"}],"replies":[{"embeddable":true,"href":"https:\/\/www.lejournalduforkane.com\/index.php\/wp-json\/wp\/v2\/comments?post=21730"}],"version-history":[{"count":2,"href":"https:\/\/www.lejournalduforkane.com\/index.php\/wp-json\/wp\/v2\/posts\/21730\/revisions"}],"predecessor-version":[{"id":23495,"href":"https:\/\/www.lejournalduforkane.com\/index.php\/wp-json\/wp\/v2\/posts\/21730\/revisions\/23495"}],"wp:attachment":[{"href":"https:\/\/www.lejournalduforkane.com\/index.php\/wp-json\/wp\/v2\/media?parent=21730"}],"wp:term":[{"taxonomy":"category","embeddable":true,"href":"https:\/\/www.lejournalduforkane.com\/index.php\/wp-json\/wp\/v2\/categories?post=21730"},{"taxonomy":"post_tag","embeddable":true,"href":"https:\/\/www.lejournalduforkane.com\/index.php\/wp-json\/wp\/v2\/tags?post=21730"}],"curies":[{"name":"wp","href":"https:\/\/api.w.org\/{rel}","templated":true}]}}