
{"id":21745,"date":"2018-12-23T19:49:40","date_gmt":"2018-12-23T19:49:40","guid":{"rendered":"https:\/\/www.lejournalduforkane.com\/?p=21745"},"modified":"2018-12-23T19:49:40","modified_gmt":"2018-12-23T19:49:40","slug":"sayyed-hassan-nasrallah-avait-prevenu-les-kurdes-depuis-le-debut-de-lannee-en-cours-dun-coup-de-couteau-americain-dans-le-dos","status":"publish","type":"post","link":"https:\/\/www.lejournalduforkane.com\/index.php\/sayyed-hassan-nasrallah-avait-prevenu-les-kurdes-depuis-le-debut-de-lannee-en-cours-dun-coup-de-couteau-americain-dans-le-dos\/","title":{"rendered":"Sayyed Hassan Nasrallah avait pr\u00e9venu les Kurdes depuis le d\u00e9but de l&rsquo;ann\u00e9e en cours d&rsquo;un coup de couteau am\u00e9ricain dans le dos"},"content":{"rendered":"<p><!--more--><\/p>\n<p>Sayyed Hassan Nasrallah avait pr\u00e9venu les Kurdes depuis le d\u00e9but de l&rsquo;ann\u00e9e en cours d&rsquo;un coup de couteau am\u00e9ricain dans le dos.. \u00ab\u00a0Ils vont vous vendre au march\u00e9 d&rsquo;esclaves..\u00a0\u00bb<\/p>\n<p><iframe loading=\"lazy\" width=\"620\" height=\"405\" src=\"\/\/rutube.ru\/play\/embed\/11861052\" frameborder=\"0\" webkitAllowFullScreen mozallowfullscreen allowfullscreen><\/iframe><\/p>\n","protected":false},"excerpt":{"rendered":"Sayyed Hassan Nasrallah avait pr\u00e9venu les Kurdes depuis le d\u00e9but de l'ann\u00e9e en cours d'un coup de couteau am\u00e9ricain dans le dos.. \"Ils vont vous vendre au march\u00e9 d'esclaves..\"","protected":false},"author":2,"featured_media":0,"comment_status":"closed","ping_status":"open","sticky":false,"template":"","format":"standard","meta":[],"categories":[49],"tags":[],"_links":{"self":[{"href":"https:\/\/www.lejournalduforkane.com\/index.php\/wp-json\/wp\/v2\/posts\/21745"}],"collection":[{"href":"https:\/\/www.lejournalduforkane.com\/index.php\/wp-json\/wp\/v2\/posts"}],"about":[{"href":"https:\/\/www.lejournalduforkane.com\/index.php\/wp-json\/wp\/v2\/types\/post"}],"author":[{"embeddable":true,"href":"https:\/\/www.lejournalduforkane.com\/index.php\/wp-json\/wp\/v2\/users\/2"}],"replies":[{"embeddable":true,"href":"https:\/\/www.lejournalduforkane.com\/index.php\/wp-json\/wp\/v2\/comments?post=21745"}],"version-history":[{"count":1,"href":"https:\/\/www.lejournalduforkane.com\/index.php\/wp-json\/wp\/v2\/posts\/21745\/revisions"}],"predecessor-version":[{"id":21746,"href":"https:\/\/www.lejournalduforkane.com\/index.php\/wp-json\/wp\/v2\/posts\/21745\/revisions\/21746"}],"wp:attachment":[{"href":"https:\/\/www.lejournalduforkane.com\/index.php\/wp-json\/wp\/v2\/media?parent=21745"}],"wp:term":[{"taxonomy":"category","embeddable":true,"href":"https:\/\/www.lejournalduforkane.com\/index.php\/wp-json\/wp\/v2\/categories?post=21745"},{"taxonomy":"post_tag","embeddable":true,"href":"https:\/\/www.lejournalduforkane.com\/index.php\/wp-json\/wp\/v2\/tags?post=21745"}],"curies":[{"name":"wp","href":"https:\/\/api.w.org\/{rel}","templated":true}]}}