
{"id":21747,"date":"2018-12-23T19:55:05","date_gmt":"2018-12-23T19:55:05","guid":{"rendered":"https:\/\/www.lejournalduforkane.com\/?p=21747"},"modified":"2018-12-23T19:55:05","modified_gmt":"2018-12-23T19:55:05","slug":"des-armes-dont-des-missiles-americains-et-des-medicaments-israeliens-trouves-dans-les-anciens-repaires-des-terroristes-salafistes-dans-la-zone-sud-en-syrie","status":"publish","type":"post","link":"https:\/\/www.lejournalduforkane.com\/index.php\/des-armes-dont-des-missiles-americains-et-des-medicaments-israeliens-trouves-dans-les-anciens-repaires-des-terroristes-salafistes-dans-la-zone-sud-en-syrie\/","title":{"rendered":"Des armes, dont des missiles am\u00e9ricains et des m\u00e9dicaments isra\u00e9liens, trouv\u00e9s dans les anciens repaires des terroristes salafistes dans la zone sud en Syrie"},"content":{"rendered":"<p><!--more--><\/p>\n<p><iframe loading=\"lazy\" width=\"620\" height=\"405\" src=\"\/\/rutube.ru\/play\/embed\/11861057\" frameborder=\"0\" webkitAllowFullScreen mozallowfullscreen allowfullscreen><\/iframe><\/p>\n","protected":false},"excerpt":{"rendered":"","protected":false},"author":2,"featured_media":0,"comment_status":"closed","ping_status":"open","sticky":false,"template":"","format":"standard","meta":[],"categories":[49],"tags":[],"_links":{"self":[{"href":"https:\/\/www.lejournalduforkane.com\/index.php\/wp-json\/wp\/v2\/posts\/21747"}],"collection":[{"href":"https:\/\/www.lejournalduforkane.com\/index.php\/wp-json\/wp\/v2\/posts"}],"about":[{"href":"https:\/\/www.lejournalduforkane.com\/index.php\/wp-json\/wp\/v2\/types\/post"}],"author":[{"embeddable":true,"href":"https:\/\/www.lejournalduforkane.com\/index.php\/wp-json\/wp\/v2\/users\/2"}],"replies":[{"embeddable":true,"href":"https:\/\/www.lejournalduforkane.com\/index.php\/wp-json\/wp\/v2\/comments?post=21747"}],"version-history":[{"count":1,"href":"https:\/\/www.lejournalduforkane.com\/index.php\/wp-json\/wp\/v2\/posts\/21747\/revisions"}],"predecessor-version":[{"id":21750,"href":"https:\/\/www.lejournalduforkane.com\/index.php\/wp-json\/wp\/v2\/posts\/21747\/revisions\/21750"}],"wp:attachment":[{"href":"https:\/\/www.lejournalduforkane.com\/index.php\/wp-json\/wp\/v2\/media?parent=21747"}],"wp:term":[{"taxonomy":"category","embeddable":true,"href":"https:\/\/www.lejournalduforkane.com\/index.php\/wp-json\/wp\/v2\/categories?post=21747"},{"taxonomy":"post_tag","embeddable":true,"href":"https:\/\/www.lejournalduforkane.com\/index.php\/wp-json\/wp\/v2\/tags?post=21747"}],"curies":[{"name":"wp","href":"https:\/\/api.w.org\/{rel}","templated":true}]}}