
{"id":21751,"date":"2018-12-23T19:58:13","date_gmt":"2018-12-23T19:58:13","guid":{"rendered":"https:\/\/www.lejournalduforkane.com\/?p=21751"},"modified":"2018-12-23T19:58:13","modified_gmt":"2018-12-23T19:58:13","slug":"le-nombre-denfants-souffrant-dune-grave-malnutrition-aigue-au-yemen-a-augmente-de-90-depuis-2015","status":"publish","type":"post","link":"https:\/\/www.lejournalduforkane.com\/index.php\/le-nombre-denfants-souffrant-dune-grave-malnutrition-aigue-au-yemen-a-augmente-de-90-depuis-2015\/","title":{"rendered":"Le nombre d&rsquo;enfants souffrant d&rsquo;une grave malnutrition aigu\u00eb au Y\u00e9men a augment\u00e9 de 90% depuis 2015"},"content":{"rendered":"<p><!--more--><\/p>\n<p>Le nombre d&rsquo;enfants souffrant d&rsquo;une grave malnutrition aigu\u00eb au Y\u00e9men a augment\u00e9 de 90% depuis 2015.<\/p>\n<p>C&rsquo;est \u00e0 \u00e7a que ressemble cette statistique en r\u00e9alit\u00e9.<\/p>\n<p><iframe loading=\"lazy\" width=\"620\" height=\"405\" src=\"\/\/rutube.ru\/play\/embed\/11861060\" frameborder=\"0\" webkitAllowFullScreen mozallowfullscreen allowfullscreen><\/iframe><\/p>\n","protected":false},"excerpt":{"rendered":"Le nombre d'enfants souffrant d'une grave malnutrition aigu\u00eb au Y\u00e9men a augment\u00e9 de 90% depuis 2015. C'est \u00e0 \u00e7a que ressemble cette statistique en r\u00e9alit\u00e9.","protected":false},"author":2,"featured_media":0,"comment_status":"closed","ping_status":"open","sticky":false,"template":"","format":"standard","meta":[],"categories":[49],"tags":[],"_links":{"self":[{"href":"https:\/\/www.lejournalduforkane.com\/index.php\/wp-json\/wp\/v2\/posts\/21751"}],"collection":[{"href":"https:\/\/www.lejournalduforkane.com\/index.php\/wp-json\/wp\/v2\/posts"}],"about":[{"href":"https:\/\/www.lejournalduforkane.com\/index.php\/wp-json\/wp\/v2\/types\/post"}],"author":[{"embeddable":true,"href":"https:\/\/www.lejournalduforkane.com\/index.php\/wp-json\/wp\/v2\/users\/2"}],"replies":[{"embeddable":true,"href":"https:\/\/www.lejournalduforkane.com\/index.php\/wp-json\/wp\/v2\/comments?post=21751"}],"version-history":[{"count":1,"href":"https:\/\/www.lejournalduforkane.com\/index.php\/wp-json\/wp\/v2\/posts\/21751\/revisions"}],"predecessor-version":[{"id":21753,"href":"https:\/\/www.lejournalduforkane.com\/index.php\/wp-json\/wp\/v2\/posts\/21751\/revisions\/21753"}],"wp:attachment":[{"href":"https:\/\/www.lejournalduforkane.com\/index.php\/wp-json\/wp\/v2\/media?parent=21751"}],"wp:term":[{"taxonomy":"category","embeddable":true,"href":"https:\/\/www.lejournalduforkane.com\/index.php\/wp-json\/wp\/v2\/categories?post=21751"},{"taxonomy":"post_tag","embeddable":true,"href":"https:\/\/www.lejournalduforkane.com\/index.php\/wp-json\/wp\/v2\/tags?post=21751"}],"curies":[{"name":"wp","href":"https:\/\/api.w.org\/{rel}","templated":true}]}}