
{"id":21764,"date":"2018-12-26T19:54:32","date_gmt":"2018-12-26T19:54:32","guid":{"rendered":"https:\/\/www.lejournalduforkane.com\/?p=21764"},"modified":"2018-12-26T19:54:32","modified_gmt":"2018-12-26T19:54:32","slug":"video-la-dca-syrienne-intercepte-des-missiles-lances-par-les-avions-de-combat-israeliens-avant-quils-atteignent-leurs-cibles","status":"publish","type":"post","link":"https:\/\/www.lejournalduforkane.com\/index.php\/video-la-dca-syrienne-intercepte-des-missiles-lances-par-les-avions-de-combat-israeliens-avant-quils-atteignent-leurs-cibles\/","title":{"rendered":"[Vid\u00e9o] | La DCA syrienne intercepte des missiles lanc\u00e9s par les avions de combat isra\u00e9liens avant qu\u2019ils atteignent leurs cibles"},"content":{"rendered":"<p><!--more--><\/p>\n<p>Les d\u00e9fenses antia\u00e9riennes ont intercept\u00e9 des missiles lanc\u00e9s par les avions de combat isra\u00e9liens \u00e0 partir de l\u2019espace a\u00e9rien libanais et avaient abattu la majorit\u00e9 de ces missiles avant qu\u2019ils atteignent leurs cibles.<\/p>\n<p>L&rsquo;agression a fait des d\u00e9g\u00e2ts dans un d\u00e9p\u00f4t de munitions et 3 bless\u00e9s parmi les soldats syriens.<br \/>\n<iframe loading=\"lazy\" width=\"620\" height=\"405\" src=\"\/\/rutube.ru\/play\/embed\/11867581\" frameborder=\"0\" webkitAllowFullScreen mozallowfullscreen allowfullscreen><\/iframe><\/p>\n","protected":false},"excerpt":{"rendered":"Les d\u00e9fenses antia\u00e9riennes ont intercept\u00e9 des missiles lanc\u00e9s par les avions de combat isra\u00e9liens \u00e0 partir de l\u2019espace a\u00e9rien libanais et avaient abattu la majorit\u00e9 de ces missiles avant qu\u2019ils","protected":false},"author":2,"featured_media":0,"comment_status":"closed","ping_status":"open","sticky":false,"template":"","format":"standard","meta":[],"categories":[49],"tags":[],"_links":{"self":[{"href":"https:\/\/www.lejournalduforkane.com\/index.php\/wp-json\/wp\/v2\/posts\/21764"}],"collection":[{"href":"https:\/\/www.lejournalduforkane.com\/index.php\/wp-json\/wp\/v2\/posts"}],"about":[{"href":"https:\/\/www.lejournalduforkane.com\/index.php\/wp-json\/wp\/v2\/types\/post"}],"author":[{"embeddable":true,"href":"https:\/\/www.lejournalduforkane.com\/index.php\/wp-json\/wp\/v2\/users\/2"}],"replies":[{"embeddable":true,"href":"https:\/\/www.lejournalduforkane.com\/index.php\/wp-json\/wp\/v2\/comments?post=21764"}],"version-history":[{"count":1,"href":"https:\/\/www.lejournalduforkane.com\/index.php\/wp-json\/wp\/v2\/posts\/21764\/revisions"}],"predecessor-version":[{"id":21767,"href":"https:\/\/www.lejournalduforkane.com\/index.php\/wp-json\/wp\/v2\/posts\/21764\/revisions\/21767"}],"wp:attachment":[{"href":"https:\/\/www.lejournalduforkane.com\/index.php\/wp-json\/wp\/v2\/media?parent=21764"}],"wp:term":[{"taxonomy":"category","embeddable":true,"href":"https:\/\/www.lejournalduforkane.com\/index.php\/wp-json\/wp\/v2\/categories?post=21764"},{"taxonomy":"post_tag","embeddable":true,"href":"https:\/\/www.lejournalduforkane.com\/index.php\/wp-json\/wp\/v2\/tags?post=21764"}],"curies":[{"name":"wp","href":"https:\/\/api.w.org\/{rel}","templated":true}]}}