
{"id":21792,"date":"2018-12-29T20:42:18","date_gmt":"2018-12-29T20:42:18","guid":{"rendered":"https:\/\/www.lejournalduforkane.com\/?p=21792"},"modified":"2018-12-31T19:37:31","modified_gmt":"2018-12-31T19:37:31","slug":"lechiquier-mondial-lalliance-militaire-arabe-contre-liran-otan-emporte-le-vent","status":"publish","type":"post","link":"https:\/\/www.lejournalduforkane.com\/index.php\/lechiquier-mondial-lalliance-militaire-arabe-contre-liran-otan-emporte-le-vent\/","title":{"rendered":"L&rsquo;ECHIQUIER MONDIAL. L\u2019alliance militaire arabe contre l&rsquo;Iran : Otan emporte le vent ?"},"content":{"rendered":"<p><!--more--><\/p>\n<p>Les Etats-Unis poussent les pays du Golfe \u00e0 s\u2019unir au plus vite pour contrer le terrorisme et l\u2019Iran. Le bloc, qui comprendrait l\u2019Arabie saoudite, Oman, le Kowe\u00eft, Bahre\u00efn, les \u00c9mirats arabes unis, le Qatar, l\u2019Egypte et la Jordanie, pourrait \u00eatre baptis\u00e9 MESA. Il devrait bousculer le rapport de forces dans la r\u00e9gion.<\/p>\n<p><iframe loading=\"lazy\" width=\"560\" height=\"315\" src=\"https:\/\/www.youtube.com\/embed\/yvmwnVl2a88\" frameborder=\"0\" allow=\"accelerometer; autoplay; encrypted-media; gyroscope; picture-in-picture\" allowfullscreen><\/iframe><\/p>\n","protected":false},"excerpt":{"rendered":"Les Etats-Unis poussent les pays du Golfe \u00e0 s\u2019unir au plus vite pour contrer le terrorisme et l\u2019Iran. Le bloc, qui comprendrait l\u2019Arabie saoudite, Oman, le Kowe\u00eft, Bahre\u00efn, les \u00c9mirats","protected":false},"author":2,"featured_media":0,"comment_status":"closed","ping_status":"open","sticky":false,"template":"","format":"standard","meta":[],"categories":[49],"tags":[],"_links":{"self":[{"href":"https:\/\/www.lejournalduforkane.com\/index.php\/wp-json\/wp\/v2\/posts\/21792"}],"collection":[{"href":"https:\/\/www.lejournalduforkane.com\/index.php\/wp-json\/wp\/v2\/posts"}],"about":[{"href":"https:\/\/www.lejournalduforkane.com\/index.php\/wp-json\/wp\/v2\/types\/post"}],"author":[{"embeddable":true,"href":"https:\/\/www.lejournalduforkane.com\/index.php\/wp-json\/wp\/v2\/users\/2"}],"replies":[{"embeddable":true,"href":"https:\/\/www.lejournalduforkane.com\/index.php\/wp-json\/wp\/v2\/comments?post=21792"}],"version-history":[{"count":1,"href":"https:\/\/www.lejournalduforkane.com\/index.php\/wp-json\/wp\/v2\/posts\/21792\/revisions"}],"predecessor-version":[{"id":21794,"href":"https:\/\/www.lejournalduforkane.com\/index.php\/wp-json\/wp\/v2\/posts\/21792\/revisions\/21794"}],"wp:attachment":[{"href":"https:\/\/www.lejournalduforkane.com\/index.php\/wp-json\/wp\/v2\/media?parent=21792"}],"wp:term":[{"taxonomy":"category","embeddable":true,"href":"https:\/\/www.lejournalduforkane.com\/index.php\/wp-json\/wp\/v2\/categories?post=21792"},{"taxonomy":"post_tag","embeddable":true,"href":"https:\/\/www.lejournalduforkane.com\/index.php\/wp-json\/wp\/v2\/tags?post=21792"}],"curies":[{"name":"wp","href":"https:\/\/api.w.org\/{rel}","templated":true}]}}