
{"id":21801,"date":"2018-12-30T12:01:21","date_gmt":"2018-12-30T12:01:21","guid":{"rendered":"https:\/\/www.lejournalduforkane.com\/?p=21801"},"modified":"2018-12-31T12:02:15","modified_gmt":"2018-12-31T12:02:15","slug":"la-famille-al-assad-en-visite-dans-la-ville-cotiere-de-tartous-pour-les-voeux-de-fin-dannee","status":"publish","type":"post","link":"https:\/\/www.lejournalduforkane.com\/index.php\/la-famille-al-assad-en-visite-dans-la-ville-cotiere-de-tartous-pour-les-voeux-de-fin-dannee\/","title":{"rendered":"La famille Al Assad en visite dans la ville c\u00f4ti\u00e8re de Tartous pour les v\u0153ux de fin d&rsquo;ann\u00e9e"},"content":{"rendered":"<p><!--more--><\/p>\n<p><iframe loading=\"lazy\" width=\"620\" height=\"405\" src=\"\/\/rutube.ru\/play\/embed\/11878794\" frameborder=\"0\" webkitAllowFullScreen mozallowfullscreen allowfullscreen><\/iframe><\/p>\n","protected":false},"excerpt":{"rendered":"","protected":false},"author":2,"featured_media":0,"comment_status":"closed","ping_status":"open","sticky":false,"template":"","format":"standard","meta":[],"categories":[49],"tags":[],"_links":{"self":[{"href":"https:\/\/www.lejournalduforkane.com\/index.php\/wp-json\/wp\/v2\/posts\/21801"}],"collection":[{"href":"https:\/\/www.lejournalduforkane.com\/index.php\/wp-json\/wp\/v2\/posts"}],"about":[{"href":"https:\/\/www.lejournalduforkane.com\/index.php\/wp-json\/wp\/v2\/types\/post"}],"author":[{"embeddable":true,"href":"https:\/\/www.lejournalduforkane.com\/index.php\/wp-json\/wp\/v2\/users\/2"}],"replies":[{"embeddable":true,"href":"https:\/\/www.lejournalduforkane.com\/index.php\/wp-json\/wp\/v2\/comments?post=21801"}],"version-history":[{"count":1,"href":"https:\/\/www.lejournalduforkane.com\/index.php\/wp-json\/wp\/v2\/posts\/21801\/revisions"}],"predecessor-version":[{"id":21803,"href":"https:\/\/www.lejournalduforkane.com\/index.php\/wp-json\/wp\/v2\/posts\/21801\/revisions\/21803"}],"wp:attachment":[{"href":"https:\/\/www.lejournalduforkane.com\/index.php\/wp-json\/wp\/v2\/media?parent=21801"}],"wp:term":[{"taxonomy":"category","embeddable":true,"href":"https:\/\/www.lejournalduforkane.com\/index.php\/wp-json\/wp\/v2\/categories?post=21801"},{"taxonomy":"post_tag","embeddable":true,"href":"https:\/\/www.lejournalduforkane.com\/index.php\/wp-json\/wp\/v2\/tags?post=21801"}],"curies":[{"name":"wp","href":"https:\/\/api.w.org\/{rel}","templated":true}]}}