
{"id":21814,"date":"2018-12-31T19:47:21","date_gmt":"2018-12-31T19:47:21","guid":{"rendered":"https:\/\/www.lejournalduforkane.com\/?p=21814"},"modified":"2018-12-31T19:47:21","modified_gmt":"2018-12-31T19:47:21","slug":"regardez-les-militants-pro-palestiniens-italiens-qui-chantent-bella-ciao-chanson-de-resistance-italienne-alors-quils-passent-un-poste-de-controle-militaire-israelien-a-al-khalil-hebron-dans-le","status":"publish","type":"post","link":"https:\/\/www.lejournalduforkane.com\/index.php\/regardez-les-militants-pro-palestiniens-italiens-qui-chantent-bella-ciao-chanson-de-resistance-italienne-alors-quils-passent-un-poste-de-controle-militaire-israelien-a-al-khalil-hebron-dans-le\/","title":{"rendered":"Regardez les militants pro-Palestiniens Italiens qui chantent Bella Ciao, chanson de r\u00e9sistance italienne, alors qu&rsquo;ils passent un poste de contr\u00f4le militaire isra\u00e9lien \u00e0 Al-Khalil (Hebron), dans le sud de la Cisjordanie"},"content":{"rendered":"<p><!--more--><\/p>\n<p>Regardez les militants pro-Palestiniens Italiens qui chantent Bella Ciao, chanson de r\u00e9sistance italienne, alors qu&rsquo;ils passent un poste de contr\u00f4le militaire isra\u00e9lien \u00e0 Al-Khalil (Hebron), dans le sud de la Cisjordanie<\/p>\n<p><iframe loading=\"lazy\" width=\"620\" height=\"405\" src=\"\/\/rutube.ru\/play\/embed\/11879379\" frameborder=\"0\" webkitAllowFullScreen mozallowfullscreen allowfullscreen><\/iframe><\/p>\n","protected":false},"excerpt":{"rendered":"Regardez les militants pro-Palestiniens Italiens qui chantent Bella Ciao, chanson de r\u00e9sistance italienne, alors qu'ils passent un poste de contr\u00f4le militaire isra\u00e9lien \u00e0 Al-Khalil (Hebron), dans le sud de la","protected":false},"author":2,"featured_media":0,"comment_status":"closed","ping_status":"open","sticky":false,"template":"","format":"standard","meta":[],"categories":[49],"tags":[],"_links":{"self":[{"href":"https:\/\/www.lejournalduforkane.com\/index.php\/wp-json\/wp\/v2\/posts\/21814"}],"collection":[{"href":"https:\/\/www.lejournalduforkane.com\/index.php\/wp-json\/wp\/v2\/posts"}],"about":[{"href":"https:\/\/www.lejournalduforkane.com\/index.php\/wp-json\/wp\/v2\/types\/post"}],"author":[{"embeddable":true,"href":"https:\/\/www.lejournalduforkane.com\/index.php\/wp-json\/wp\/v2\/users\/2"}],"replies":[{"embeddable":true,"href":"https:\/\/www.lejournalduforkane.com\/index.php\/wp-json\/wp\/v2\/comments?post=21814"}],"version-history":[{"count":1,"href":"https:\/\/www.lejournalduforkane.com\/index.php\/wp-json\/wp\/v2\/posts\/21814\/revisions"}],"predecessor-version":[{"id":21816,"href":"https:\/\/www.lejournalduforkane.com\/index.php\/wp-json\/wp\/v2\/posts\/21814\/revisions\/21816"}],"wp:attachment":[{"href":"https:\/\/www.lejournalduforkane.com\/index.php\/wp-json\/wp\/v2\/media?parent=21814"}],"wp:term":[{"taxonomy":"category","embeddable":true,"href":"https:\/\/www.lejournalduforkane.com\/index.php\/wp-json\/wp\/v2\/categories?post=21814"},{"taxonomy":"post_tag","embeddable":true,"href":"https:\/\/www.lejournalduforkane.com\/index.php\/wp-json\/wp\/v2\/tags?post=21814"}],"curies":[{"name":"wp","href":"https:\/\/api.w.org\/{rel}","templated":true}]}}