
{"id":21820,"date":"2018-01-01T19:48:21","date_gmt":"2018-01-01T19:48:21","guid":{"rendered":"https:\/\/www.lejournalduforkane.com\/?p=21820"},"modified":"2019-01-01T19:54:32","modified_gmt":"2019-01-01T19:54:32","slug":"les-irlandais-organisent-une-veillee-en-solidarite-avec-le-peuple-palestinien-commemorant-les-attaques-disrael-contre-gaza-et-appelant-a-la-fin-du-siege-illegal-de-gaza-et-de-loccupation-de-la-pa","status":"publish","type":"post","link":"https:\/\/www.lejournalduforkane.com\/index.php\/les-irlandais-organisent-une-veillee-en-solidarite-avec-le-peuple-palestinien-commemorant-les-attaques-disrael-contre-gaza-et-appelant-a-la-fin-du-siege-illegal-de-gaza-et-de-loccupation-de-la-pa\/","title":{"rendered":"Les Irlandais organisent une veill\u00e9e en solidarit\u00e9 avec le peuple palestinien, comm\u00e9morant les attaques d&rsquo;Isra\u00ebl contre Gaza et appelant \u00e0 la fin du si\u00e8ge ill\u00e9gal de Gaza et de l&rsquo;occupation de la Palestine"},"content":{"rendered":"<p><!--more--><\/p>\n<p>Les Irlandais organisent une veill\u00e9e en solidarit\u00e9 avec le peuple palestinien, comm\u00e9morant les attaques d&rsquo;Isra\u00ebl contre Gaza et appelant \u00e0 la fin du si\u00e8ge ill\u00e9gal de Gaza et de l&rsquo;occupation de la Palestine<\/p>\n<p><img loading=\"lazy\" src=\"https:\/\/www.lejournalduforkane.com\/wp-content\/uploads\/2018\/01\/1.jpg\" alt=\"1\" width=\"960\" height=\"700\" class=\"alignnone size-full wp-image-21822\" srcset=\"https:\/\/www.lejournalduforkane.com\/wp-content\/uploads\/2018\/01\/1.jpg 960w, https:\/\/www.lejournalduforkane.com\/wp-content\/uploads\/2018\/01\/1-300x219.jpg 300w, https:\/\/www.lejournalduforkane.com\/wp-content\/uploads\/2018\/01\/1-768x560.jpg 768w\" sizes=\"(max-width: 960px) 100vw, 960px\" \/><\/p>\n<p><img loading=\"lazy\" src=\"https:\/\/www.lejournalduforkane.com\/wp-content\/uploads\/2018\/01\/2-2.jpg\" alt=\"2 (2)\" width=\"960\" height=\"720\" class=\"alignnone size-full wp-image-21823\" srcset=\"https:\/\/www.lejournalduforkane.com\/wp-content\/uploads\/2018\/01\/2-2.jpg 960w, https:\/\/www.lejournalduforkane.com\/wp-content\/uploads\/2018\/01\/2-2-300x225.jpg 300w, https:\/\/www.lejournalduforkane.com\/wp-content\/uploads\/2018\/01\/2-2-768x576.jpg 768w\" sizes=\"(max-width: 960px) 100vw, 960px\" \/><\/p>\n<p><img loading=\"lazy\" src=\"https:\/\/www.lejournalduforkane.com\/wp-content\/uploads\/2018\/01\/3.jpg\" alt=\"3\" width=\"960\" height=\"700\" class=\"alignnone size-full wp-image-21824\" srcset=\"https:\/\/www.lejournalduforkane.com\/wp-content\/uploads\/2018\/01\/3.jpg 960w, https:\/\/www.lejournalduforkane.com\/wp-content\/uploads\/2018\/01\/3-300x219.jpg 300w, https:\/\/www.lejournalduforkane.com\/wp-content\/uploads\/2018\/01\/3-768x560.jpg 768w\" sizes=\"(max-width: 960px) 100vw, 960px\" \/><\/p>\n","protected":false},"excerpt":{"rendered":"Les Irlandais organisent une veill\u00e9e en solidarit\u00e9 avec le peuple palestinien, comm\u00e9morant les attaques d'Isra\u00ebl contre Gaza et appelant \u00e0 la fin du si\u00e8ge ill\u00e9gal de Gaza et de l'occupation","protected":false},"author":2,"featured_media":0,"comment_status":"closed","ping_status":"open","sticky":false,"template":"","format":"standard","meta":[],"categories":[],"tags":[],"_links":{"self":[{"href":"https:\/\/www.lejournalduforkane.com\/index.php\/wp-json\/wp\/v2\/posts\/21820"}],"collection":[{"href":"https:\/\/www.lejournalduforkane.com\/index.php\/wp-json\/wp\/v2\/posts"}],"about":[{"href":"https:\/\/www.lejournalduforkane.com\/index.php\/wp-json\/wp\/v2\/types\/post"}],"author":[{"embeddable":true,"href":"https:\/\/www.lejournalduforkane.com\/index.php\/wp-json\/wp\/v2\/users\/2"}],"replies":[{"embeddable":true,"href":"https:\/\/www.lejournalduforkane.com\/index.php\/wp-json\/wp\/v2\/comments?post=21820"}],"version-history":[{"count":2,"href":"https:\/\/www.lejournalduforkane.com\/index.php\/wp-json\/wp\/v2\/posts\/21820\/revisions"}],"predecessor-version":[{"id":21825,"href":"https:\/\/www.lejournalduforkane.com\/index.php\/wp-json\/wp\/v2\/posts\/21820\/revisions\/21825"}],"wp:attachment":[{"href":"https:\/\/www.lejournalduforkane.com\/index.php\/wp-json\/wp\/v2\/media?parent=21820"}],"wp:term":[{"taxonomy":"category","embeddable":true,"href":"https:\/\/www.lejournalduforkane.com\/index.php\/wp-json\/wp\/v2\/categories?post=21820"},{"taxonomy":"post_tag","embeddable":true,"href":"https:\/\/www.lejournalduforkane.com\/index.php\/wp-json\/wp\/v2\/tags?post=21820"}],"curies":[{"name":"wp","href":"https:\/\/api.w.org\/{rel}","templated":true}]}}