
{"id":21834,"date":"2019-01-06T19:33:24","date_gmt":"2019-01-06T19:33:24","guid":{"rendered":"https:\/\/www.lejournalduforkane.com\/?p=21834"},"modified":"2019-01-06T19:33:24","modified_gmt":"2019-01-06T19:33:24","slug":"cest-pas-en-syrie-des-allures-de-guerre-civile-en-ce-debut-2019-entre-le-peuple-francais-et-le-regime","status":"publish","type":"post","link":"https:\/\/www.lejournalduforkane.com\/index.php\/cest-pas-en-syrie-des-allures-de-guerre-civile-en-ce-debut-2019-entre-le-peuple-francais-et-le-regime\/","title":{"rendered":"C&rsquo;est pas en Syrie&#8230;des allures de guerre civile en ce d\u00e9but 2019&#8230; entre le peuple fran\u00e7ais et le r\u00e9gime"},"content":{"rendered":"<p><!--more--><br \/>\n<iframe loading=\"lazy\" width=\"620\" height=\"405\" src=\"\/\/rutube.ru\/play\/embed\/11891377\" frameborder=\"0\" webkitAllowFullScreen mozallowfullscreen allowfullscreen><\/iframe><\/p>\n","protected":false},"excerpt":{"rendered":"","protected":false},"author":2,"featured_media":0,"comment_status":"closed","ping_status":"open","sticky":false,"template":"","format":"standard","meta":[],"categories":[49],"tags":[],"_links":{"self":[{"href":"https:\/\/www.lejournalduforkane.com\/index.php\/wp-json\/wp\/v2\/posts\/21834"}],"collection":[{"href":"https:\/\/www.lejournalduforkane.com\/index.php\/wp-json\/wp\/v2\/posts"}],"about":[{"href":"https:\/\/www.lejournalduforkane.com\/index.php\/wp-json\/wp\/v2\/types\/post"}],"author":[{"embeddable":true,"href":"https:\/\/www.lejournalduforkane.com\/index.php\/wp-json\/wp\/v2\/users\/2"}],"replies":[{"embeddable":true,"href":"https:\/\/www.lejournalduforkane.com\/index.php\/wp-json\/wp\/v2\/comments?post=21834"}],"version-history":[{"count":1,"href":"https:\/\/www.lejournalduforkane.com\/index.php\/wp-json\/wp\/v2\/posts\/21834\/revisions"}],"predecessor-version":[{"id":21836,"href":"https:\/\/www.lejournalduforkane.com\/index.php\/wp-json\/wp\/v2\/posts\/21834\/revisions\/21836"}],"wp:attachment":[{"href":"https:\/\/www.lejournalduforkane.com\/index.php\/wp-json\/wp\/v2\/media?parent=21834"}],"wp:term":[{"taxonomy":"category","embeddable":true,"href":"https:\/\/www.lejournalduforkane.com\/index.php\/wp-json\/wp\/v2\/categories?post=21834"},{"taxonomy":"post_tag","embeddable":true,"href":"https:\/\/www.lejournalduforkane.com\/index.php\/wp-json\/wp\/v2\/tags?post=21834"}],"curies":[{"name":"wp","href":"https:\/\/api.w.org\/{rel}","templated":true}]}}