
{"id":21853,"date":"2019-01-09T19:01:43","date_gmt":"2019-01-09T19:01:43","guid":{"rendered":"https:\/\/www.lejournalduforkane.com\/?p=21853"},"modified":"2019-01-09T19:01:43","modified_gmt":"2019-01-09T19:01:43","slug":"luc-ferry-appelle-la-police-a-tirer-sur-les-gilets-jaunes-violents","status":"publish","type":"post","link":"https:\/\/www.lejournalduforkane.com\/index.php\/luc-ferry-appelle-la-police-a-tirer-sur-les-gilets-jaunes-violents\/","title":{"rendered":"Luc Ferry appelle la police \u00e0 tirer sur les gilets jaunes violents"},"content":{"rendered":"<p><!--more--><\/p>\n<p>Luc Ferry appelle la police \u00e0 tirer sur les gilets jaunes violents<\/p>\n<p>Interrog\u00e9 sur les violences contre les forces de l&rsquo;ordre en marge des manifestations de Gilets jaunes, l&rsquo;ancien ministre Luc Ferry a estim\u00e9 que les policiers devraient \u00ab\u00a0se servir de leurs armes\u00a0\u00bb. Il a appel\u00e9 \u00e0 une intervention de l&rsquo;arm\u00e9e.<\/p>\n<p>&nbsp;<\/p>\n<p><iframe loading=\"lazy\" src=\"\/\/rutube.ru\/play\/embed\/11899529\" width=\"620\" height=\"405\" frameborder=\"0\" allowfullscreen=\"allowfullscreen\"><\/iframe><\/p>\n","protected":false},"excerpt":{"rendered":"Luc Ferry appelle la police \u00e0 tirer sur les gilets jaunes violents Interrog\u00e9 sur les violences contre les forces de l'ordre en marge des manifestations de Gilets jaunes, l'ancien ministre","protected":false},"author":2,"featured_media":0,"comment_status":"closed","ping_status":"open","sticky":false,"template":"","format":"standard","meta":[],"categories":[49],"tags":[],"_links":{"self":[{"href":"https:\/\/www.lejournalduforkane.com\/index.php\/wp-json\/wp\/v2\/posts\/21853"}],"collection":[{"href":"https:\/\/www.lejournalduforkane.com\/index.php\/wp-json\/wp\/v2\/posts"}],"about":[{"href":"https:\/\/www.lejournalduforkane.com\/index.php\/wp-json\/wp\/v2\/types\/post"}],"author":[{"embeddable":true,"href":"https:\/\/www.lejournalduforkane.com\/index.php\/wp-json\/wp\/v2\/users\/2"}],"replies":[{"embeddable":true,"href":"https:\/\/www.lejournalduforkane.com\/index.php\/wp-json\/wp\/v2\/comments?post=21853"}],"version-history":[{"count":1,"href":"https:\/\/www.lejournalduforkane.com\/index.php\/wp-json\/wp\/v2\/posts\/21853\/revisions"}],"predecessor-version":[{"id":21855,"href":"https:\/\/www.lejournalduforkane.com\/index.php\/wp-json\/wp\/v2\/posts\/21853\/revisions\/21855"}],"wp:attachment":[{"href":"https:\/\/www.lejournalduforkane.com\/index.php\/wp-json\/wp\/v2\/media?parent=21853"}],"wp:term":[{"taxonomy":"category","embeddable":true,"href":"https:\/\/www.lejournalduforkane.com\/index.php\/wp-json\/wp\/v2\/categories?post=21853"},{"taxonomy":"post_tag","embeddable":true,"href":"https:\/\/www.lejournalduforkane.com\/index.php\/wp-json\/wp\/v2\/tags?post=21853"}],"curies":[{"name":"wp","href":"https:\/\/api.w.org\/{rel}","templated":true}]}}