
{"id":21856,"date":"2019-01-09T19:12:29","date_gmt":"2019-01-09T19:12:29","guid":{"rendered":"https:\/\/www.lejournalduforkane.com\/?p=21856"},"modified":"2019-01-09T19:12:29","modified_gmt":"2019-01-09T19:12:29","slug":"des-soldats-saoudiens-brulent-le-portrait-de-mbs-a-la-frontiere-avec-le-yemen","status":"publish","type":"post","link":"https:\/\/www.lejournalduforkane.com\/index.php\/des-soldats-saoudiens-brulent-le-portrait-de-mbs-a-la-frontiere-avec-le-yemen\/","title":{"rendered":"Des soldats saoudiens br\u00fblent le portrait de MBS \u00e0 la fronti\u00e8re avec le Y\u00e9men.."},"content":{"rendered":"<p><!--more--><\/p>\n<p>Des soldats saoudiens br\u00fblent le portrait de MBS \u00e0 la fronti\u00e8re avec le Y\u00e9men.. et disent qu&rsquo;on les a envoy\u00e9 faire une guerre avec laquelle ils n&rsquo;ont rien \u00e0 voir.. puis traitent MBS de \u00ab\u00a0chien d&rsquo;israel\u00a0\u00bb..<\/p>\n<p>&nbsp;<\/p>\n<p><iframe loading=\"lazy\" width=\"620\" height=\"405\" src=\"\/\/rutube.ru\/play\/embed\/11899546\" frameborder=\"0\" webkitAllowFullScreen mozallowfullscreen allowfullscreen><\/iframe><\/p>\n","protected":false},"excerpt":{"rendered":"Des soldats saoudiens br\u00fblent le portrait de MBS \u00e0 la fronti\u00e8re avec le Y\u00e9men.. et disent qu'on les a envoy\u00e9 faire une guerre avec laquelle ils n'ont rien \u00e0 voir..","protected":false},"author":2,"featured_media":0,"comment_status":"closed","ping_status":"open","sticky":false,"template":"","format":"standard","meta":[],"categories":[49],"tags":[],"_links":{"self":[{"href":"https:\/\/www.lejournalduforkane.com\/index.php\/wp-json\/wp\/v2\/posts\/21856"}],"collection":[{"href":"https:\/\/www.lejournalduforkane.com\/index.php\/wp-json\/wp\/v2\/posts"}],"about":[{"href":"https:\/\/www.lejournalduforkane.com\/index.php\/wp-json\/wp\/v2\/types\/post"}],"author":[{"embeddable":true,"href":"https:\/\/www.lejournalduforkane.com\/index.php\/wp-json\/wp\/v2\/users\/2"}],"replies":[{"embeddable":true,"href":"https:\/\/www.lejournalduforkane.com\/index.php\/wp-json\/wp\/v2\/comments?post=21856"}],"version-history":[{"count":1,"href":"https:\/\/www.lejournalduforkane.com\/index.php\/wp-json\/wp\/v2\/posts\/21856\/revisions"}],"predecessor-version":[{"id":21859,"href":"https:\/\/www.lejournalduforkane.com\/index.php\/wp-json\/wp\/v2\/posts\/21856\/revisions\/21859"}],"wp:attachment":[{"href":"https:\/\/www.lejournalduforkane.com\/index.php\/wp-json\/wp\/v2\/media?parent=21856"}],"wp:term":[{"taxonomy":"category","embeddable":true,"href":"https:\/\/www.lejournalduforkane.com\/index.php\/wp-json\/wp\/v2\/categories?post=21856"},{"taxonomy":"post_tag","embeddable":true,"href":"https:\/\/www.lejournalduforkane.com\/index.php\/wp-json\/wp\/v2\/tags?post=21856"}],"curies":[{"name":"wp","href":"https:\/\/api.w.org\/{rel}","templated":true}]}}