
{"id":21871,"date":"2019-01-11T14:12:50","date_gmt":"2019-01-11T14:12:50","guid":{"rendered":"https:\/\/www.lejournalduforkane.com\/?p=21871"},"modified":"2019-01-13T14:19:08","modified_gmt":"2019-01-13T14:19:08","slug":"depuis-legypte-mike-pompeo-le-secretaire-detat-americain-appelle-les-pays-arabes-a-depasser-leurs-differents-pour-affronter-liran","status":"publish","type":"post","link":"https:\/\/www.lejournalduforkane.com\/index.php\/depuis-legypte-mike-pompeo-le-secretaire-detat-americain-appelle-les-pays-arabes-a-depasser-leurs-differents-pour-affronter-liran\/","title":{"rendered":"Depuis l\u2019\u00c9gypte, Mike Pomp\u00e9o, le secr\u00e9taire d\u2019Etat am\u00e9ricain appelle les pays arabes \u00e0 d\u00e9passer leurs diff\u00e9rents pour affronter l&rsquo;Iran !!!"},"content":{"rendered":"<p><!--more--><\/p>\n<p><iframe loading=\"lazy\" width=\"620\" height=\"405\" src=\"\/\/rutube.ru\/play\/embed\/11910889\" frameborder=\"0\" webkitAllowFullScreen mozallowfullscreen allowfullscreen><\/iframe><\/p>\n","protected":false},"excerpt":{"rendered":"","protected":false},"author":2,"featured_media":0,"comment_status":"closed","ping_status":"open","sticky":false,"template":"","format":"standard","meta":[],"categories":[49],"tags":[],"_links":{"self":[{"href":"https:\/\/www.lejournalduforkane.com\/index.php\/wp-json\/wp\/v2\/posts\/21871"}],"collection":[{"href":"https:\/\/www.lejournalduforkane.com\/index.php\/wp-json\/wp\/v2\/posts"}],"about":[{"href":"https:\/\/www.lejournalduforkane.com\/index.php\/wp-json\/wp\/v2\/types\/post"}],"author":[{"embeddable":true,"href":"https:\/\/www.lejournalduforkane.com\/index.php\/wp-json\/wp\/v2\/users\/2"}],"replies":[{"embeddable":true,"href":"https:\/\/www.lejournalduforkane.com\/index.php\/wp-json\/wp\/v2\/comments?post=21871"}],"version-history":[{"count":1,"href":"https:\/\/www.lejournalduforkane.com\/index.php\/wp-json\/wp\/v2\/posts\/21871\/revisions"}],"predecessor-version":[{"id":21873,"href":"https:\/\/www.lejournalduforkane.com\/index.php\/wp-json\/wp\/v2\/posts\/21871\/revisions\/21873"}],"wp:attachment":[{"href":"https:\/\/www.lejournalduforkane.com\/index.php\/wp-json\/wp\/v2\/media?parent=21871"}],"wp:term":[{"taxonomy":"category","embeddable":true,"href":"https:\/\/www.lejournalduforkane.com\/index.php\/wp-json\/wp\/v2\/categories?post=21871"},{"taxonomy":"post_tag","embeddable":true,"href":"https:\/\/www.lejournalduforkane.com\/index.php\/wp-json\/wp\/v2\/tags?post=21871"}],"curies":[{"name":"wp","href":"https:\/\/api.w.org\/{rel}","templated":true}]}}