
{"id":21874,"date":"2019-01-11T14:19:25","date_gmt":"2019-01-11T14:19:25","guid":{"rendered":"https:\/\/www.lejournalduforkane.com\/?p=21874"},"modified":"2019-01-13T14:23:38","modified_gmt":"2019-01-13T14:23:38","slug":"les-palestiniens-dal-khalil-palestine-sont-contraints-de-marcher-sur-un-chemin-etroit","status":"publish","type":"post","link":"https:\/\/www.lejournalduforkane.com\/index.php\/les-palestiniens-dal-khalil-palestine-sont-contraints-de-marcher-sur-un-chemin-etroit\/","title":{"rendered":"Les Palestiniens D&rsquo;Al-Khalil (Palestine) sont contraints de marcher sur un chemin \u00e9troit&#8230;"},"content":{"rendered":"<p><!--more--><\/p>\n<p>Les Palestiniens D&rsquo;Al-Khalil (ville d&rsquo;H\u00e9bron, Palestine) sont contraints de marcher sur un chemin \u00e9troit tandis que les colons isra\u00e9liens se d\u00e9placent sur une route \u00ab\u00a0seulement pour les isra\u00e9liens\u00a0\u00bb sous la protection de l&rsquo;arm\u00e9e d&rsquo;occupation.<\/p>\n<p>C&rsquo;est l&rsquo;apartheid Isra\u00ebl !<\/p>\n<p><iframe loading=\"lazy\" width=\"620\" height=\"405\" src=\"\/\/rutube.ru\/play\/embed\/11910903\" frameborder=\"0\" webkitAllowFullScreen mozallowfullscreen allowfullscreen><\/iframe><\/p>\n","protected":false},"excerpt":{"rendered":"Les Palestiniens D'Al-Khalil (ville d'H\u00e9bron, Palestine) sont contraints de marcher sur un chemin \u00e9troit tandis que les colons isra\u00e9liens se d\u00e9placent sur une route \"seulement pour les isra\u00e9liens\" sous la","protected":false},"author":2,"featured_media":0,"comment_status":"closed","ping_status":"open","sticky":false,"template":"","format":"standard","meta":[],"categories":[49],"tags":[],"_links":{"self":[{"href":"https:\/\/www.lejournalduforkane.com\/index.php\/wp-json\/wp\/v2\/posts\/21874"}],"collection":[{"href":"https:\/\/www.lejournalduforkane.com\/index.php\/wp-json\/wp\/v2\/posts"}],"about":[{"href":"https:\/\/www.lejournalduforkane.com\/index.php\/wp-json\/wp\/v2\/types\/post"}],"author":[{"embeddable":true,"href":"https:\/\/www.lejournalduforkane.com\/index.php\/wp-json\/wp\/v2\/users\/2"}],"replies":[{"embeddable":true,"href":"https:\/\/www.lejournalduforkane.com\/index.php\/wp-json\/wp\/v2\/comments?post=21874"}],"version-history":[{"count":1,"href":"https:\/\/www.lejournalduforkane.com\/index.php\/wp-json\/wp\/v2\/posts\/21874\/revisions"}],"predecessor-version":[{"id":21876,"href":"https:\/\/www.lejournalduforkane.com\/index.php\/wp-json\/wp\/v2\/posts\/21874\/revisions\/21876"}],"wp:attachment":[{"href":"https:\/\/www.lejournalduforkane.com\/index.php\/wp-json\/wp\/v2\/media?parent=21874"}],"wp:term":[{"taxonomy":"category","embeddable":true,"href":"https:\/\/www.lejournalduforkane.com\/index.php\/wp-json\/wp\/v2\/categories?post=21874"},{"taxonomy":"post_tag","embeddable":true,"href":"https:\/\/www.lejournalduforkane.com\/index.php\/wp-json\/wp\/v2\/tags?post=21874"}],"curies":[{"name":"wp","href":"https:\/\/api.w.org\/{rel}","templated":true}]}}