
{"id":21897,"date":"2019-01-14T19:47:18","date_gmt":"2019-01-14T19:47:18","guid":{"rendered":"https:\/\/www.lejournalduforkane.com\/?p=21897"},"modified":"2019-01-14T19:51:59","modified_gmt":"2019-01-14T19:51:59","slug":"auditeura-bfm-bfm-detourne-lobjectif-des-gilets-jaunes-ce-nest-pas-une-revendication-religieuse","status":"publish","type":"post","link":"https:\/\/www.lejournalduforkane.com\/index.php\/auditeura-bfm-bfm-detourne-lobjectif-des-gilets-jaunes-ce-nest-pas-une-revendication-religieuse\/","title":{"rendered":"Auditeur a BFM : BFM d\u00e9tourne l&rsquo;objectif des gilets jaunes, ce n&rsquo;est pas une revendication religieuse"},"content":{"rendered":"<p><!--more--><\/p>\n<p>Les m\u00e9dias fran\u00e7ais essayent a tout prix de d\u00e9tourner le but essentiel des revendications, elles sont des manifestations pour des revendications sociales, elles ne sont ni raciales ni religieuses.<\/p>\n<p><iframe loading=\"lazy\" src=\"https:\/\/www.youtube.com\/embed\/tNsHLP5idAQ\" width=\"560\" height=\"315\" frameborder=\"0\" allowfullscreen=\"allowfullscreen\"><\/iframe><\/p>\n","protected":false},"excerpt":{"rendered":"Les m\u00e9dias fran\u00e7ais essayent a tout prix de d\u00e9tourner le but essentiel des revendications, elles sont des manifestations pour des revendications sociales, elles ne sont ni raciales ni religieuses.","protected":false},"author":2,"featured_media":21898,"comment_status":"closed","ping_status":"open","sticky":false,"template":"","format":"standard","meta":[],"categories":[49],"tags":[],"_links":{"self":[{"href":"https:\/\/www.lejournalduforkane.com\/index.php\/wp-json\/wp\/v2\/posts\/21897"}],"collection":[{"href":"https:\/\/www.lejournalduforkane.com\/index.php\/wp-json\/wp\/v2\/posts"}],"about":[{"href":"https:\/\/www.lejournalduforkane.com\/index.php\/wp-json\/wp\/v2\/types\/post"}],"author":[{"embeddable":true,"href":"https:\/\/www.lejournalduforkane.com\/index.php\/wp-json\/wp\/v2\/users\/2"}],"replies":[{"embeddable":true,"href":"https:\/\/www.lejournalduforkane.com\/index.php\/wp-json\/wp\/v2\/comments?post=21897"}],"version-history":[{"count":1,"href":"https:\/\/www.lejournalduforkane.com\/index.php\/wp-json\/wp\/v2\/posts\/21897\/revisions"}],"predecessor-version":[{"id":21899,"href":"https:\/\/www.lejournalduforkane.com\/index.php\/wp-json\/wp\/v2\/posts\/21897\/revisions\/21899"}],"wp:featuredmedia":[{"embeddable":true,"href":"https:\/\/www.lejournalduforkane.com\/index.php\/wp-json\/wp\/v2\/media\/21898"}],"wp:attachment":[{"href":"https:\/\/www.lejournalduforkane.com\/index.php\/wp-json\/wp\/v2\/media?parent=21897"}],"wp:term":[{"taxonomy":"category","embeddable":true,"href":"https:\/\/www.lejournalduforkane.com\/index.php\/wp-json\/wp\/v2\/categories?post=21897"},{"taxonomy":"post_tag","embeddable":true,"href":"https:\/\/www.lejournalduforkane.com\/index.php\/wp-json\/wp\/v2\/tags?post=21897"}],"curies":[{"name":"wp","href":"https:\/\/api.w.org\/{rel}","templated":true}]}}