
{"id":21906,"date":"2019-01-16T19:01:05","date_gmt":"2019-01-16T19:01:05","guid":{"rendered":"https:\/\/www.lejournalduforkane.com\/?p=21906"},"modified":"2019-01-16T19:01:05","modified_gmt":"2019-01-16T19:01:05","slug":"le-hedjaz-arabie-saoudite-a-ete-touche-par-des-inondations-eclairs-devastatrices-le-mois-dernier-maintenant-il-est-envahi-par-des-millions-de-sauterelles","status":"publish","type":"post","link":"https:\/\/www.lejournalduforkane.com\/index.php\/le-hedjaz-arabie-saoudite-a-ete-touche-par-des-inondations-eclairs-devastatrices-le-mois-dernier-maintenant-il-est-envahi-par-des-millions-de-sauterelles\/","title":{"rendered":"Le Hedjaz (Arabie saoudite) a \u00e9t\u00e9 touch\u00e9 par des inondations \u00e9clairs d\u00e9vastatrices le mois dernier, maintenant il est envahi par des millions de sauterelles"},"content":{"rendered":"<p><!--more--><\/p>\n<p>Le Hedjaz (Arabie saoudite) a \u00e9t\u00e9 touch\u00e9 par des inondations \u00e9clairs d\u00e9vastatrices le mois dernier, maintenant il est envahi par des millions de sauterelles.<\/p>\n<p>Si cet incident se produit dans un autre pays alors tous les wahhabites-salafistes vont commencer leur propagande en disant que c&rsquo;est la punition d&rsquo;Allah et que le gouvernement de cet \u00e9tat est l&rsquo;ennemi d&rsquo;Allah etc&#8230;<\/p>\n<p><iframe loading=\"lazy\" width=\"620\" height=\"405\" src=\"\/\/rutube.ru\/play\/embed\/11922996\" frameborder=\"0\" webkitAllowFullScreen mozallowfullscreen allowfullscreen><\/iframe><\/p>\n","protected":false},"excerpt":{"rendered":"Le Hedjaz (Arabie saoudite) a \u00e9t\u00e9 touch\u00e9 par des inondations \u00e9clairs d\u00e9vastatrices le mois dernier, maintenant il est envahi par des millions de sauterelles. Si cet incident se produit dans","protected":false},"author":2,"featured_media":0,"comment_status":"closed","ping_status":"open","sticky":false,"template":"","format":"standard","meta":[],"categories":[49],"tags":[],"_links":{"self":[{"href":"https:\/\/www.lejournalduforkane.com\/index.php\/wp-json\/wp\/v2\/posts\/21906"}],"collection":[{"href":"https:\/\/www.lejournalduforkane.com\/index.php\/wp-json\/wp\/v2\/posts"}],"about":[{"href":"https:\/\/www.lejournalduforkane.com\/index.php\/wp-json\/wp\/v2\/types\/post"}],"author":[{"embeddable":true,"href":"https:\/\/www.lejournalduforkane.com\/index.php\/wp-json\/wp\/v2\/users\/2"}],"replies":[{"embeddable":true,"href":"https:\/\/www.lejournalduforkane.com\/index.php\/wp-json\/wp\/v2\/comments?post=21906"}],"version-history":[{"count":1,"href":"https:\/\/www.lejournalduforkane.com\/index.php\/wp-json\/wp\/v2\/posts\/21906\/revisions"}],"predecessor-version":[{"id":21908,"href":"https:\/\/www.lejournalduforkane.com\/index.php\/wp-json\/wp\/v2\/posts\/21906\/revisions\/21908"}],"wp:attachment":[{"href":"https:\/\/www.lejournalduforkane.com\/index.php\/wp-json\/wp\/v2\/media?parent=21906"}],"wp:term":[{"taxonomy":"category","embeddable":true,"href":"https:\/\/www.lejournalduforkane.com\/index.php\/wp-json\/wp\/v2\/categories?post=21906"},{"taxonomy":"post_tag","embeddable":true,"href":"https:\/\/www.lejournalduforkane.com\/index.php\/wp-json\/wp\/v2\/tags?post=21906"}],"curies":[{"name":"wp","href":"https:\/\/api.w.org\/{rel}","templated":true}]}}