
{"id":21931,"date":"2019-01-18T21:08:33","date_gmt":"2019-01-18T21:08:33","guid":{"rendered":"https:\/\/www.lejournalduforkane.com\/?p=21931"},"modified":"2019-01-18T21:08:33","modified_gmt":"2019-01-18T21:08:33","slug":"17-millions-de-femmes-denfants-et-dhommes-au-yemen-sont-confrontes-a-la-famine-2","status":"publish","type":"post","link":"https:\/\/www.lejournalduforkane.com\/index.php\/17-millions-de-femmes-denfants-et-dhommes-au-yemen-sont-confrontes-a-la-famine-2\/","title":{"rendered":"17 millions de femmes, d&rsquo;enfants et d&rsquo;hommes au Y\u00e9men sont confront\u00e9s \u00e0 la famine"},"content":{"rendered":"<p><!--more--><\/p>\n<p>17 millions de femmes, d&rsquo;enfants et d&rsquo;hommes au Y\u00e9men sont confront\u00e9s \u00e0 la famine. L&rsquo;horloge tourne, leurs vies sont en jeu.<\/p>\n<p>Ne soyons pas indiff\u00e9rents, aidons ces enfants innocents.<\/p>\n<p><iframe loading=\"lazy\" width=\"620\" height=\"405\" src=\"\/\/rutube.ru\/play\/embed\/11930666\" frameborder=\"0\" webkitAllowFullScreen mozallowfullscreen allowfullscreen><\/iframe><\/p>\n","protected":false},"excerpt":{"rendered":"17 millions de femmes, d'enfants et d'hommes au Y\u00e9men sont confront\u00e9s \u00e0 la famine. L'horloge tourne, leurs vies sont en jeu. Ne soyons pas indiff\u00e9rents, aidons ces enfants innocents.","protected":false},"author":2,"featured_media":0,"comment_status":"closed","ping_status":"open","sticky":false,"template":"","format":"standard","meta":[],"categories":[49],"tags":[],"_links":{"self":[{"href":"https:\/\/www.lejournalduforkane.com\/index.php\/wp-json\/wp\/v2\/posts\/21931"}],"collection":[{"href":"https:\/\/www.lejournalduforkane.com\/index.php\/wp-json\/wp\/v2\/posts"}],"about":[{"href":"https:\/\/www.lejournalduforkane.com\/index.php\/wp-json\/wp\/v2\/types\/post"}],"author":[{"embeddable":true,"href":"https:\/\/www.lejournalduforkane.com\/index.php\/wp-json\/wp\/v2\/users\/2"}],"replies":[{"embeddable":true,"href":"https:\/\/www.lejournalduforkane.com\/index.php\/wp-json\/wp\/v2\/comments?post=21931"}],"version-history":[{"count":1,"href":"https:\/\/www.lejournalduforkane.com\/index.php\/wp-json\/wp\/v2\/posts\/21931\/revisions"}],"predecessor-version":[{"id":21933,"href":"https:\/\/www.lejournalduforkane.com\/index.php\/wp-json\/wp\/v2\/posts\/21931\/revisions\/21933"}],"wp:attachment":[{"href":"https:\/\/www.lejournalduforkane.com\/index.php\/wp-json\/wp\/v2\/media?parent=21931"}],"wp:term":[{"taxonomy":"category","embeddable":true,"href":"https:\/\/www.lejournalduforkane.com\/index.php\/wp-json\/wp\/v2\/categories?post=21931"},{"taxonomy":"post_tag","embeddable":true,"href":"https:\/\/www.lejournalduforkane.com\/index.php\/wp-json\/wp\/v2\/tags?post=21931"}],"curies":[{"name":"wp","href":"https:\/\/api.w.org\/{rel}","templated":true}]}}