
{"id":21934,"date":"2019-01-18T21:16:35","date_gmt":"2019-01-18T21:16:35","guid":{"rendered":"https:\/\/www.lejournalduforkane.com\/?p=21934"},"modified":"2019-01-18T21:16:35","modified_gmt":"2019-01-18T21:16:35","slug":"les-soldats-de-loccupation-israelienne-agressent-les-femmes-qui-tentent-de-liberer-un-enfant","status":"publish","type":"post","link":"https:\/\/www.lejournalduforkane.com\/index.php\/les-soldats-de-loccupation-israelienne-agressent-les-femmes-qui-tentent-de-liberer-un-enfant\/","title":{"rendered":"Les soldats de l&rsquo;occupation isra\u00e9lienne agressent les femmes qui tentent de lib\u00e9rer un enfant"},"content":{"rendered":"<p><!--more--><\/p>\n<p>Les soldats de l&rsquo;occupation isra\u00e9lienne agressent les femmes qui tentent de lib\u00e9rer un enfant, qui a \u00e9t\u00e9 d\u00e9tenu par les soldats dans le village de Kafr Qaddoum, occup\u00e9 en Cisjordanie, aujourd&rsquo;hui.<\/p>\n<p><iframe loading=\"lazy\" width=\"620\" height=\"405\" src=\"\/\/rutube.ru\/play\/embed\/11930675\" frameborder=\"0\" webkitAllowFullScreen mozallowfullscreen allowfullscreen><\/iframe><\/p>\n","protected":false},"excerpt":{"rendered":"Les soldats de l'occupation isra\u00e9lienne agressent les femmes qui tentent de lib\u00e9rer un enfant, qui a \u00e9t\u00e9 d\u00e9tenu par les soldats dans le village de Kafr Qaddoum, occup\u00e9 en Cisjordanie,","protected":false},"author":2,"featured_media":0,"comment_status":"closed","ping_status":"open","sticky":false,"template":"","format":"standard","meta":[],"categories":[49],"tags":[],"_links":{"self":[{"href":"https:\/\/www.lejournalduforkane.com\/index.php\/wp-json\/wp\/v2\/posts\/21934"}],"collection":[{"href":"https:\/\/www.lejournalduforkane.com\/index.php\/wp-json\/wp\/v2\/posts"}],"about":[{"href":"https:\/\/www.lejournalduforkane.com\/index.php\/wp-json\/wp\/v2\/types\/post"}],"author":[{"embeddable":true,"href":"https:\/\/www.lejournalduforkane.com\/index.php\/wp-json\/wp\/v2\/users\/2"}],"replies":[{"embeddable":true,"href":"https:\/\/www.lejournalduforkane.com\/index.php\/wp-json\/wp\/v2\/comments?post=21934"}],"version-history":[{"count":1,"href":"https:\/\/www.lejournalduforkane.com\/index.php\/wp-json\/wp\/v2\/posts\/21934\/revisions"}],"predecessor-version":[{"id":21936,"href":"https:\/\/www.lejournalduforkane.com\/index.php\/wp-json\/wp\/v2\/posts\/21934\/revisions\/21936"}],"wp:attachment":[{"href":"https:\/\/www.lejournalduforkane.com\/index.php\/wp-json\/wp\/v2\/media?parent=21934"}],"wp:term":[{"taxonomy":"category","embeddable":true,"href":"https:\/\/www.lejournalduforkane.com\/index.php\/wp-json\/wp\/v2\/categories?post=21934"},{"taxonomy":"post_tag","embeddable":true,"href":"https:\/\/www.lejournalduforkane.com\/index.php\/wp-json\/wp\/v2\/tags?post=21934"}],"curies":[{"name":"wp","href":"https:\/\/api.w.org\/{rel}","templated":true}]}}