
{"id":21944,"date":"2019-01-20T19:39:41","date_gmt":"2019-01-20T19:39:41","guid":{"rendered":"https:\/\/www.lejournalduforkane.com\/?p=21944"},"modified":"2019-01-20T19:39:41","modified_gmt":"2019-01-20T19:39:41","slug":"quand-la-lumiere-dallah-jaillit-des-favelas-du-bresil-lislam-a-sao-paulo-au-bresil","status":"publish","type":"post","link":"https:\/\/www.lejournalduforkane.com\/index.php\/quand-la-lumiere-dallah-jaillit-des-favelas-du-bresil-lislam-a-sao-paulo-au-bresil\/","title":{"rendered":"Quand la Lumi\u00e8re d\u2019Allah jaillit des favelas du Br\u00e9sil : l&rsquo;Islam \u00e0 Sao Paulo au Br\u00e9sil"},"content":{"rendered":"<p><!--more--><\/p>\n<p>Aujourd\u2019hui, l\u2019Islam s\u2019av\u00e8re non seulement une des religions les plus anciennes du Br\u00e9sil, mais il conna\u00eet \u00e0 l\u2019heure actuelle un succ\u00e8s grandissant.<\/p>\n<p>En tant que musulmans, nous ne pouvons que nous r\u00e9jouir de voir nos fr\u00e8res et s\u0153urs br\u00e9siliens d\u00e9velopper une conscience spirituelle qui s\u2019annonce tr\u00e8s prometteuse\u2026<\/p>\n<p><iframe loading=\"lazy\" width=\"620\" height=\"405\" src=\"\/\/rutube.ru\/play\/embed\/11937191\" frameborder=\"0\" webkitAllowFullScreen mozallowfullscreen allowfullscreen><\/iframe><\/p>\n","protected":false},"excerpt":{"rendered":"Aujourd\u2019hui, l\u2019Islam s\u2019av\u00e8re non seulement une des religions les plus anciennes du Br\u00e9sil, mais il conna\u00eet \u00e0 l\u2019heure actuelle un succ\u00e8s grandissant. En tant que musulmans, nous ne pouvons que","protected":false},"author":2,"featured_media":0,"comment_status":"closed","ping_status":"open","sticky":false,"template":"","format":"standard","meta":[],"categories":[49],"tags":[],"_links":{"self":[{"href":"https:\/\/www.lejournalduforkane.com\/index.php\/wp-json\/wp\/v2\/posts\/21944"}],"collection":[{"href":"https:\/\/www.lejournalduforkane.com\/index.php\/wp-json\/wp\/v2\/posts"}],"about":[{"href":"https:\/\/www.lejournalduforkane.com\/index.php\/wp-json\/wp\/v2\/types\/post"}],"author":[{"embeddable":true,"href":"https:\/\/www.lejournalduforkane.com\/index.php\/wp-json\/wp\/v2\/users\/2"}],"replies":[{"embeddable":true,"href":"https:\/\/www.lejournalduforkane.com\/index.php\/wp-json\/wp\/v2\/comments?post=21944"}],"version-history":[{"count":1,"href":"https:\/\/www.lejournalduforkane.com\/index.php\/wp-json\/wp\/v2\/posts\/21944\/revisions"}],"predecessor-version":[{"id":21946,"href":"https:\/\/www.lejournalduforkane.com\/index.php\/wp-json\/wp\/v2\/posts\/21944\/revisions\/21946"}],"wp:attachment":[{"href":"https:\/\/www.lejournalduforkane.com\/index.php\/wp-json\/wp\/v2\/media?parent=21944"}],"wp:term":[{"taxonomy":"category","embeddable":true,"href":"https:\/\/www.lejournalduforkane.com\/index.php\/wp-json\/wp\/v2\/categories?post=21944"},{"taxonomy":"post_tag","embeddable":true,"href":"https:\/\/www.lejournalduforkane.com\/index.php\/wp-json\/wp\/v2\/tags?post=21944"}],"curies":[{"name":"wp","href":"https:\/\/api.w.org\/{rel}","templated":true}]}}