
{"id":21947,"date":"2019-01-20T19:47:13","date_gmt":"2019-01-20T19:47:13","guid":{"rendered":"https:\/\/www.lejournalduforkane.com\/?p=21947"},"modified":"2019-01-20T19:47:13","modified_gmt":"2019-01-20T19:47:13","slug":"lancien-prisonnier-palestinien-basel-abu-tayeh-de-jerusalem-rencontre-sa-mere-apres-quil-ait-ete-libere-des-prisons-israeliennes-apres-10-ans-de-detention-aujourdhui","status":"publish","type":"post","link":"https:\/\/www.lejournalduforkane.com\/index.php\/lancien-prisonnier-palestinien-basel-abu-tayeh-de-jerusalem-rencontre-sa-mere-apres-quil-ait-ete-libere-des-prisons-israeliennes-apres-10-ans-de-detention-aujourdhui\/","title":{"rendered":"L&rsquo;ancien prisonnier Palestinien B\u00e2sel Abu-Tayeh, de J\u00e9rusalem, rencontre sa m\u00e8re apr\u00e8s qu&rsquo;il ait \u00e9t\u00e9 lib\u00e9r\u00e9 des prisons isra\u00e9liennes, apr\u00e8s 10 ans de d\u00e9tention, aujourd&rsquo;hui."},"content":{"rendered":"<p><!--more--><\/p>\n<p>L&rsquo;ancien prisonnier Palestinien B\u00e2sel Abu-Tayeh, de J\u00e9rusalem, rencontre sa m\u00e8re apr\u00e8s qu&rsquo;il ait \u00e9t\u00e9 lib\u00e9r\u00e9 des prisons isra\u00e9liennes, apr\u00e8s 10 ans de d\u00e9tention, aujourd&rsquo;hui.<\/p>\n<p><iframe loading=\"lazy\" width=\"620\" height=\"405\" src=\"\/\/rutube.ru\/play\/embed\/11937218\" frameborder=\"0\" webkitAllowFullScreen mozallowfullscreen allowfullscreen><\/iframe><\/p>\n","protected":false},"excerpt":{"rendered":"L'ancien prisonnier Palestinien B\u00e2sel Abu-Tayeh, de J\u00e9rusalem, rencontre sa m\u00e8re apr\u00e8s qu'il ait \u00e9t\u00e9 lib\u00e9r\u00e9 des prisons isra\u00e9liennes, apr\u00e8s 10 ans de d\u00e9tention, aujourd'hui.","protected":false},"author":2,"featured_media":0,"comment_status":"closed","ping_status":"open","sticky":false,"template":"","format":"standard","meta":[],"categories":[49],"tags":[],"_links":{"self":[{"href":"https:\/\/www.lejournalduforkane.com\/index.php\/wp-json\/wp\/v2\/posts\/21947"}],"collection":[{"href":"https:\/\/www.lejournalduforkane.com\/index.php\/wp-json\/wp\/v2\/posts"}],"about":[{"href":"https:\/\/www.lejournalduforkane.com\/index.php\/wp-json\/wp\/v2\/types\/post"}],"author":[{"embeddable":true,"href":"https:\/\/www.lejournalduforkane.com\/index.php\/wp-json\/wp\/v2\/users\/2"}],"replies":[{"embeddable":true,"href":"https:\/\/www.lejournalduforkane.com\/index.php\/wp-json\/wp\/v2\/comments?post=21947"}],"version-history":[{"count":1,"href":"https:\/\/www.lejournalduforkane.com\/index.php\/wp-json\/wp\/v2\/posts\/21947\/revisions"}],"predecessor-version":[{"id":21949,"href":"https:\/\/www.lejournalduforkane.com\/index.php\/wp-json\/wp\/v2\/posts\/21947\/revisions\/21949"}],"wp:attachment":[{"href":"https:\/\/www.lejournalduforkane.com\/index.php\/wp-json\/wp\/v2\/media?parent=21947"}],"wp:term":[{"taxonomy":"category","embeddable":true,"href":"https:\/\/www.lejournalduforkane.com\/index.php\/wp-json\/wp\/v2\/categories?post=21947"},{"taxonomy":"post_tag","embeddable":true,"href":"https:\/\/www.lejournalduforkane.com\/index.php\/wp-json\/wp\/v2\/tags?post=21947"}],"curies":[{"name":"wp","href":"https:\/\/api.w.org\/{rel}","templated":true}]}}