
{"id":21950,"date":"2019-01-20T19:55:06","date_gmt":"2019-01-20T19:55:06","guid":{"rendered":"https:\/\/www.lejournalduforkane.com\/?p=21950"},"modified":"2019-01-20T19:55:06","modified_gmt":"2019-01-20T19:55:06","slug":"offenses-contre-jesus-et-marie-et-profanation-des-tombes-chretiennes-en-israel","status":"publish","type":"post","link":"https:\/\/www.lejournalduforkane.com\/index.php\/offenses-contre-jesus-et-marie-et-profanation-des-tombes-chretiennes-en-israel\/","title":{"rendered":"OFFENSES CONTRE J\u00c9SUS ET MARIE ET PROFANATION DES TOMBES CHR\u00c9TIENNES EN ISRA\u00cbL"},"content":{"rendered":"<p><!--more--><\/p>\n<p>OFFENSES CONTRE J\u00c9SUS ET MARIE ET PROFANATION DES TOMBES CHR\u00c9TIENNES EN ISRA\u00cbL<\/p>\n<p>Reportage d&rsquo;Al-Manar, cha\u00eene du Hezbollah, 12 janvier 2019.<\/p>\n<p><iframe loading=\"lazy\" width=\"620\" height=\"405\" src=\"\/\/rutube.ru\/play\/embed\/11937243\" frameborder=\"0\" webkitAllowFullScreen mozallowfullscreen allowfullscreen><\/iframe><\/p>\n","protected":false},"excerpt":{"rendered":"OFFENSES CONTRE J\u00c9SUS ET MARIE ET PROFANATION DES TOMBES CHR\u00c9TIENNES EN ISRA\u00cbL Reportage d'Al-Manar, cha\u00eene du Hezbollah, 12 janvier 2019.","protected":false},"author":2,"featured_media":0,"comment_status":"closed","ping_status":"open","sticky":false,"template":"","format":"standard","meta":[],"categories":[49],"tags":[],"_links":{"self":[{"href":"https:\/\/www.lejournalduforkane.com\/index.php\/wp-json\/wp\/v2\/posts\/21950"}],"collection":[{"href":"https:\/\/www.lejournalduforkane.com\/index.php\/wp-json\/wp\/v2\/posts"}],"about":[{"href":"https:\/\/www.lejournalduforkane.com\/index.php\/wp-json\/wp\/v2\/types\/post"}],"author":[{"embeddable":true,"href":"https:\/\/www.lejournalduforkane.com\/index.php\/wp-json\/wp\/v2\/users\/2"}],"replies":[{"embeddable":true,"href":"https:\/\/www.lejournalduforkane.com\/index.php\/wp-json\/wp\/v2\/comments?post=21950"}],"version-history":[{"count":1,"href":"https:\/\/www.lejournalduforkane.com\/index.php\/wp-json\/wp\/v2\/posts\/21950\/revisions"}],"predecessor-version":[{"id":21952,"href":"https:\/\/www.lejournalduforkane.com\/index.php\/wp-json\/wp\/v2\/posts\/21950\/revisions\/21952"}],"wp:attachment":[{"href":"https:\/\/www.lejournalduforkane.com\/index.php\/wp-json\/wp\/v2\/media?parent=21950"}],"wp:term":[{"taxonomy":"category","embeddable":true,"href":"https:\/\/www.lejournalduforkane.com\/index.php\/wp-json\/wp\/v2\/categories?post=21950"},{"taxonomy":"post_tag","embeddable":true,"href":"https:\/\/www.lejournalduforkane.com\/index.php\/wp-json\/wp\/v2\/tags?post=21950"}],"curies":[{"name":"wp","href":"https:\/\/api.w.org\/{rel}","templated":true}]}}