
{"id":21953,"date":"2019-01-21T19:41:53","date_gmt":"2019-01-21T19:41:53","guid":{"rendered":"https:\/\/www.lejournalduforkane.com\/?p=21953"},"modified":"2019-01-21T19:41:53","modified_gmt":"2019-01-21T19:41:53","slug":"layatollah-khamenei-a-ordonne-le-don-pour-des-ecoles-sunnites","status":"publish","type":"post","link":"https:\/\/www.lejournalduforkane.com\/index.php\/layatollah-khamenei-a-ordonne-le-don-pour-des-ecoles-sunnites\/","title":{"rendered":"l&rsquo;Ayatollah Khamenei a ordonn\u00e9 le don pour des \u00e9coles sunnites"},"content":{"rendered":"<p><!--more--><\/p>\n<p>Vid\u00e9o : Clerc sunnite : \u00ab\u00a0l&rsquo;Ayatollah Khamenei a ordonn\u00e9 le don pour des \u00e9coles sunnites, j&rsquo;ai vu la tol\u00e9rance et l&rsquo;indulgence en Iran, les gens font don \u00e0 des \u00e9coles sunnites !\u00a0\u00bb<\/p>\n<p><iframe loading=\"lazy\" width=\"620\" height=\"405\" src=\"\/\/rutube.ru\/play\/embed\/11940955\" frameborder=\"0\" webkitAllowFullScreen mozallowfullscreen allowfullscreen><\/iframe><\/p>\n","protected":false},"excerpt":{"rendered":"Vid\u00e9o : Clerc sunnite : \"l'Ayatollah Khamenei a ordonn\u00e9 le don pour des \u00e9coles sunnites, j'ai vu la tol\u00e9rance et l'indulgence en Iran, les gens font don \u00e0 des \u00e9coles","protected":false},"author":2,"featured_media":0,"comment_status":"closed","ping_status":"open","sticky":false,"template":"","format":"standard","meta":[],"categories":[49],"tags":[],"_links":{"self":[{"href":"https:\/\/www.lejournalduforkane.com\/index.php\/wp-json\/wp\/v2\/posts\/21953"}],"collection":[{"href":"https:\/\/www.lejournalduforkane.com\/index.php\/wp-json\/wp\/v2\/posts"}],"about":[{"href":"https:\/\/www.lejournalduforkane.com\/index.php\/wp-json\/wp\/v2\/types\/post"}],"author":[{"embeddable":true,"href":"https:\/\/www.lejournalduforkane.com\/index.php\/wp-json\/wp\/v2\/users\/2"}],"replies":[{"embeddable":true,"href":"https:\/\/www.lejournalduforkane.com\/index.php\/wp-json\/wp\/v2\/comments?post=21953"}],"version-history":[{"count":1,"href":"https:\/\/www.lejournalduforkane.com\/index.php\/wp-json\/wp\/v2\/posts\/21953\/revisions"}],"predecessor-version":[{"id":21955,"href":"https:\/\/www.lejournalduforkane.com\/index.php\/wp-json\/wp\/v2\/posts\/21953\/revisions\/21955"}],"wp:attachment":[{"href":"https:\/\/www.lejournalduforkane.com\/index.php\/wp-json\/wp\/v2\/media?parent=21953"}],"wp:term":[{"taxonomy":"category","embeddable":true,"href":"https:\/\/www.lejournalduforkane.com\/index.php\/wp-json\/wp\/v2\/categories?post=21953"},{"taxonomy":"post_tag","embeddable":true,"href":"https:\/\/www.lejournalduforkane.com\/index.php\/wp-json\/wp\/v2\/tags?post=21953"}],"curies":[{"name":"wp","href":"https:\/\/api.w.org\/{rel}","templated":true}]}}