
{"id":21972,"date":"2019-01-25T16:59:29","date_gmt":"2019-01-25T16:59:29","guid":{"rendered":"https:\/\/www.lejournalduforkane.com\/?p=21972"},"modified":"2019-01-27T17:10:56","modified_gmt":"2019-01-27T17:10:56","slug":"nicolas-maduro-denonce-la-politique-meurtriere-des-etats-unis-en-syrie-9-septembre-2013","status":"publish","type":"post","link":"https:\/\/www.lejournalduforkane.com\/index.php\/nicolas-maduro-denonce-la-politique-meurtriere-des-etats-unis-en-syrie-9-septembre-2013\/","title":{"rendered":"Nicolas Maduro d\u00e9nonce la politique meurtri\u00e8re des \u00c9tats-Unis en Syrie \/ 9 Septembre 2013"},"content":{"rendered":"<p><!--more--><\/p>\n<p>Nicolas Maduro d\u00e9nonce la politique meurtri\u00e8re des \u00c9tats-Unis en Syrie \/ 9 Septembre 2013<\/p>\n<p>Le 9 septembre 2013, Nicolas Maduro, successeur d&rsquo;Hugo Chavez \u00e0 la t\u00eate du Venezuela, alerte sur les risques de d\u00e9clenchement d&rsquo;une troisi\u00e8me guerre mondiale si les \u00c9tats-Unis attaquaient la Syrie et r\u00e9affirme son soutien total \u00e0 Bachar el-Assad.<\/p>\n<p><iframe loading=\"lazy\" width=\"560\" height=\"315\" src=\"https:\/\/www.youtube.com\/embed\/hlcvNRJcGN0\" frameborder=\"0\" allow=\"accelerometer; autoplay; encrypted-media; gyroscope; picture-in-picture\" allowfullscreen><\/iframe><\/p>\n","protected":false},"excerpt":{"rendered":"Nicolas Maduro d\u00e9nonce la politique meurtri\u00e8re des \u00c9tats-Unis en Syrie \/ 9 Septembre 2013 Le 9 septembre 2013, Nicolas Maduro, successeur d'Hugo Chavez \u00e0 la t\u00eate du Venezuela, alerte sur","protected":false},"author":2,"featured_media":21973,"comment_status":"closed","ping_status":"open","sticky":false,"template":"","format":"standard","meta":[],"categories":[49],"tags":[],"_links":{"self":[{"href":"https:\/\/www.lejournalduforkane.com\/index.php\/wp-json\/wp\/v2\/posts\/21972"}],"collection":[{"href":"https:\/\/www.lejournalduforkane.com\/index.php\/wp-json\/wp\/v2\/posts"}],"about":[{"href":"https:\/\/www.lejournalduforkane.com\/index.php\/wp-json\/wp\/v2\/types\/post"}],"author":[{"embeddable":true,"href":"https:\/\/www.lejournalduforkane.com\/index.php\/wp-json\/wp\/v2\/users\/2"}],"replies":[{"embeddable":true,"href":"https:\/\/www.lejournalduforkane.com\/index.php\/wp-json\/wp\/v2\/comments?post=21972"}],"version-history":[{"count":1,"href":"https:\/\/www.lejournalduforkane.com\/index.php\/wp-json\/wp\/v2\/posts\/21972\/revisions"}],"predecessor-version":[{"id":21974,"href":"https:\/\/www.lejournalduforkane.com\/index.php\/wp-json\/wp\/v2\/posts\/21972\/revisions\/21974"}],"wp:featuredmedia":[{"embeddable":true,"href":"https:\/\/www.lejournalduforkane.com\/index.php\/wp-json\/wp\/v2\/media\/21973"}],"wp:attachment":[{"href":"https:\/\/www.lejournalduforkane.com\/index.php\/wp-json\/wp\/v2\/media?parent=21972"}],"wp:term":[{"taxonomy":"category","embeddable":true,"href":"https:\/\/www.lejournalduforkane.com\/index.php\/wp-json\/wp\/v2\/categories?post=21972"},{"taxonomy":"post_tag","embeddable":true,"href":"https:\/\/www.lejournalduforkane.com\/index.php\/wp-json\/wp\/v2\/tags?post=21972"}],"curies":[{"name":"wp","href":"https:\/\/api.w.org\/{rel}","templated":true}]}}