
{"id":21997,"date":"2019-01-26T17:17:48","date_gmt":"2019-01-26T17:17:48","guid":{"rendered":"https:\/\/www.lejournalduforkane.com\/?p=21997"},"modified":"2019-01-27T17:29:55","modified_gmt":"2019-01-27T17:29:55","slug":"un-crime-de-guerre-contre-les-medecins","status":"publish","type":"post","link":"https:\/\/www.lejournalduforkane.com\/index.php\/un-crime-de-guerre-contre-les-medecins\/","title":{"rendered":"Un crime de guerre contre les m\u00e9decins !!!"},"content":{"rendered":"<p><!--more--><\/p>\n<p>Regardez le moment o\u00f9 un m\u00e9decin palestinien a \u00e9t\u00e9 directement touch\u00e9 par une bonbonne de gaz lacrymog\u00e8ne par les forces d&rsquo;occupation isra\u00e9lienne alors qu&rsquo;il faisait son travail humanitaire lors des manifestations de la Grande Marche du Retour<\/p>\n<p><iframe loading=\"lazy\" width=\"620\" height=\"405\" src=\"\/\/rutube.ru\/play\/embed\/11963397\" frameborder=\"0\" webkitAllowFullScreen mozallowfullscreen allowfullscreen><\/iframe><\/p>\n","protected":false},"excerpt":{"rendered":"Regardez le moment o\u00f9 un m\u00e9decin palestinien a \u00e9t\u00e9 directement touch\u00e9 par une bonbonne de gaz lacrymog\u00e8ne par les forces d'occupation isra\u00e9lienne alors qu'il faisait son travail humanitaire lors des","protected":false},"author":2,"featured_media":0,"comment_status":"closed","ping_status":"open","sticky":false,"template":"","format":"standard","meta":[],"categories":[49],"tags":[],"_links":{"self":[{"href":"https:\/\/www.lejournalduforkane.com\/index.php\/wp-json\/wp\/v2\/posts\/21997"}],"collection":[{"href":"https:\/\/www.lejournalduforkane.com\/index.php\/wp-json\/wp\/v2\/posts"}],"about":[{"href":"https:\/\/www.lejournalduforkane.com\/index.php\/wp-json\/wp\/v2\/types\/post"}],"author":[{"embeddable":true,"href":"https:\/\/www.lejournalduforkane.com\/index.php\/wp-json\/wp\/v2\/users\/2"}],"replies":[{"embeddable":true,"href":"https:\/\/www.lejournalduforkane.com\/index.php\/wp-json\/wp\/v2\/comments?post=21997"}],"version-history":[{"count":1,"href":"https:\/\/www.lejournalduforkane.com\/index.php\/wp-json\/wp\/v2\/posts\/21997\/revisions"}],"predecessor-version":[{"id":21999,"href":"https:\/\/www.lejournalduforkane.com\/index.php\/wp-json\/wp\/v2\/posts\/21997\/revisions\/21999"}],"wp:attachment":[{"href":"https:\/\/www.lejournalduforkane.com\/index.php\/wp-json\/wp\/v2\/media?parent=21997"}],"wp:term":[{"taxonomy":"category","embeddable":true,"href":"https:\/\/www.lejournalduforkane.com\/index.php\/wp-json\/wp\/v2\/categories?post=21997"},{"taxonomy":"post_tag","embeddable":true,"href":"https:\/\/www.lejournalduforkane.com\/index.php\/wp-json\/wp\/v2\/tags?post=21997"}],"curies":[{"name":"wp","href":"https:\/\/api.w.org\/{rel}","templated":true}]}}