
{"id":22000,"date":"2019-01-27T17:35:09","date_gmt":"2019-01-27T17:35:09","guid":{"rendered":"https:\/\/www.lejournalduforkane.com\/?p=22000"},"modified":"2019-01-27T17:35:09","modified_gmt":"2019-01-27T17:35:09","slug":"emmanuel-macron-a-t-il-son-mot-a-dire-sur-la-crise-au-venezuela-alors-que-les-gilets-jaunes-manifestent-depuis-des-mois-pour-sa-demission","status":"publish","type":"post","link":"https:\/\/www.lejournalduforkane.com\/index.php\/emmanuel-macron-a-t-il-son-mot-a-dire-sur-la-crise-au-venezuela-alors-que-les-gilets-jaunes-manifestent-depuis-des-mois-pour-sa-demission\/","title":{"rendered":"Emmanuel Macron a-t-il son mot \u00e0 dire sur la crise au Venezuela alors que les \u201cgilets jaunes\u201d manifestent depuis des mois pour sa d\u00e9mission ?"},"content":{"rendered":"<p><!--more--><\/p>\n<p>Emmanuel Macron a-t-il son mot \u00e0 dire sur la crise au Venezuela alors que les \u201cgilets jaunes\u201d manifestent depuis des mois pour sa d\u00e9mission ?<\/p>\n<p>C&rsquo;est la question que se pose ce ministre v\u00e9n\u00e9zu\u00e9lien.<\/p>\n<p><iframe loading=\"lazy\" width=\"620\" height=\"405\" src=\"\/\/rutube.ru\/play\/embed\/11963416\" frameborder=\"0\" webkitAllowFullScreen mozallowfullscreen allowfullscreen><\/iframe><\/p>\n","protected":false},"excerpt":{"rendered":"Emmanuel Macron a-t-il son mot \u00e0 dire sur la crise au Venezuela alors que les \u201cgilets jaunes\u201d manifestent depuis des mois pour sa d\u00e9mission ? C'est la question que se","protected":false},"author":2,"featured_media":0,"comment_status":"closed","ping_status":"open","sticky":false,"template":"","format":"standard","meta":[],"categories":[49],"tags":[],"_links":{"self":[{"href":"https:\/\/www.lejournalduforkane.com\/index.php\/wp-json\/wp\/v2\/posts\/22000"}],"collection":[{"href":"https:\/\/www.lejournalduforkane.com\/index.php\/wp-json\/wp\/v2\/posts"}],"about":[{"href":"https:\/\/www.lejournalduforkane.com\/index.php\/wp-json\/wp\/v2\/types\/post"}],"author":[{"embeddable":true,"href":"https:\/\/www.lejournalduforkane.com\/index.php\/wp-json\/wp\/v2\/users\/2"}],"replies":[{"embeddable":true,"href":"https:\/\/www.lejournalduforkane.com\/index.php\/wp-json\/wp\/v2\/comments?post=22000"}],"version-history":[{"count":1,"href":"https:\/\/www.lejournalduforkane.com\/index.php\/wp-json\/wp\/v2\/posts\/22000\/revisions"}],"predecessor-version":[{"id":22002,"href":"https:\/\/www.lejournalduforkane.com\/index.php\/wp-json\/wp\/v2\/posts\/22000\/revisions\/22002"}],"wp:attachment":[{"href":"https:\/\/www.lejournalduforkane.com\/index.php\/wp-json\/wp\/v2\/media?parent=22000"}],"wp:term":[{"taxonomy":"category","embeddable":true,"href":"https:\/\/www.lejournalduforkane.com\/index.php\/wp-json\/wp\/v2\/categories?post=22000"},{"taxonomy":"post_tag","embeddable":true,"href":"https:\/\/www.lejournalduforkane.com\/index.php\/wp-json\/wp\/v2\/tags?post=22000"}],"curies":[{"name":"wp","href":"https:\/\/api.w.org\/{rel}","templated":true}]}}