
{"id":22019,"date":"2019-01-30T06:39:31","date_gmt":"2019-01-30T06:39:31","guid":{"rendered":"https:\/\/www.lejournalduforkane.com\/?p=22019"},"modified":"2019-01-30T06:39:31","modified_gmt":"2019-01-30T06:39:31","slug":"130-djihadistes-seront-de-retour-en-france-deputee-valerie-boyer-interpelle-castaner-a-lassemblee","status":"publish","type":"post","link":"https:\/\/www.lejournalduforkane.com\/index.php\/130-djihadistes-seront-de-retour-en-france-deputee-valerie-boyer-interpelle-castaner-a-lassemblee\/","title":{"rendered":"130 djihadistes seront de retour en France : D\u00e9put\u00e9e Val\u00e9rie Boyer interpelle Castaner \u00e0 l&rsquo;Assembl\u00e9e"},"content":{"rendered":"<p><!--more--><\/p>\n<p><iframe loading=\"lazy\" width=\"560\" height=\"315\" src=\"https:\/\/www.youtube.com\/embed\/BAI4p4YgNEE\" frameborder=\"0\" allow=\"accelerometer; autoplay; encrypted-media; gyroscope; picture-in-picture\" allowfullscreen><\/iframe><\/p>\n","protected":false},"excerpt":{"rendered":"","protected":false},"author":2,"featured_media":0,"comment_status":"closed","ping_status":"open","sticky":false,"template":"","format":"standard","meta":[],"categories":[49],"tags":[],"_links":{"self":[{"href":"https:\/\/www.lejournalduforkane.com\/index.php\/wp-json\/wp\/v2\/posts\/22019"}],"collection":[{"href":"https:\/\/www.lejournalduforkane.com\/index.php\/wp-json\/wp\/v2\/posts"}],"about":[{"href":"https:\/\/www.lejournalduforkane.com\/index.php\/wp-json\/wp\/v2\/types\/post"}],"author":[{"embeddable":true,"href":"https:\/\/www.lejournalduforkane.com\/index.php\/wp-json\/wp\/v2\/users\/2"}],"replies":[{"embeddable":true,"href":"https:\/\/www.lejournalduforkane.com\/index.php\/wp-json\/wp\/v2\/comments?post=22019"}],"version-history":[{"count":1,"href":"https:\/\/www.lejournalduforkane.com\/index.php\/wp-json\/wp\/v2\/posts\/22019\/revisions"}],"predecessor-version":[{"id":22021,"href":"https:\/\/www.lejournalduforkane.com\/index.php\/wp-json\/wp\/v2\/posts\/22019\/revisions\/22021"}],"wp:attachment":[{"href":"https:\/\/www.lejournalduforkane.com\/index.php\/wp-json\/wp\/v2\/media?parent=22019"}],"wp:term":[{"taxonomy":"category","embeddable":true,"href":"https:\/\/www.lejournalduforkane.com\/index.php\/wp-json\/wp\/v2\/categories?post=22019"},{"taxonomy":"post_tag","embeddable":true,"href":"https:\/\/www.lejournalduforkane.com\/index.php\/wp-json\/wp\/v2\/tags?post=22019"}],"curies":[{"name":"wp","href":"https:\/\/api.w.org\/{rel}","templated":true}]}}