
{"id":22022,"date":"2019-01-30T19:13:00","date_gmt":"2019-01-30T19:13:00","guid":{"rendered":"https:\/\/www.lejournalduforkane.com\/?p=22022"},"modified":"2019-01-30T19:13:00","modified_gmt":"2019-01-30T19:13:00","slug":"venezuela-la-russie-menace-de-porter-la-crise-des-gilets-jaunes-au-conseil-de-securite","status":"publish","type":"post","link":"https:\/\/www.lejournalduforkane.com\/index.php\/venezuela-la-russie-menace-de-porter-la-crise-des-gilets-jaunes-au-conseil-de-securite\/","title":{"rendered":"VENEZUELA : LA RUSSIE MENACE DE PORTER LA CRISE DES GILETS JAUNES AU CONSEIL DE S\u00c9CURIT\u00c9"},"content":{"rendered":"<p><!--more--><\/p>\n<p>VENEZUELA : LA RUSSIE MENACE DE PORTER LA CRISE DES GILETS JAUNES AU CONSEIL DE S\u00c9CURIT\u00c9<\/p>\n<p>D\u00e9claration de Vassili Nebenzia, Repr\u00e9sentant Permanent de la Russie au Conseil de S\u00e9curit\u00e9 de l&rsquo;ONU, sur la crise au Venezuela, le 26 janvier 2019.<\/p>\n<p><iframe loading=\"lazy\" width=\"620\" height=\"405\" src=\"\/\/rutube.ru\/play\/embed\/11976046\" frameborder=\"0\" webkitAllowFullScreen mozallowfullscreen allowfullscreen><\/iframe><\/p>\n","protected":false},"excerpt":{"rendered":"VENEZUELA : LA RUSSIE MENACE DE PORTER LA CRISE DES GILETS JAUNES AU CONSEIL DE S\u00c9CURIT\u00c9 D\u00e9claration de Vassili Nebenzia, Repr\u00e9sentant Permanent de la Russie au Conseil de S\u00e9curit\u00e9 de","protected":false},"author":2,"featured_media":0,"comment_status":"closed","ping_status":"open","sticky":false,"template":"","format":"standard","meta":[],"categories":[49],"tags":[],"_links":{"self":[{"href":"https:\/\/www.lejournalduforkane.com\/index.php\/wp-json\/wp\/v2\/posts\/22022"}],"collection":[{"href":"https:\/\/www.lejournalduforkane.com\/index.php\/wp-json\/wp\/v2\/posts"}],"about":[{"href":"https:\/\/www.lejournalduforkane.com\/index.php\/wp-json\/wp\/v2\/types\/post"}],"author":[{"embeddable":true,"href":"https:\/\/www.lejournalduforkane.com\/index.php\/wp-json\/wp\/v2\/users\/2"}],"replies":[{"embeddable":true,"href":"https:\/\/www.lejournalduforkane.com\/index.php\/wp-json\/wp\/v2\/comments?post=22022"}],"version-history":[{"count":1,"href":"https:\/\/www.lejournalduforkane.com\/index.php\/wp-json\/wp\/v2\/posts\/22022\/revisions"}],"predecessor-version":[{"id":22024,"href":"https:\/\/www.lejournalduforkane.com\/index.php\/wp-json\/wp\/v2\/posts\/22022\/revisions\/22024"}],"wp:attachment":[{"href":"https:\/\/www.lejournalduforkane.com\/index.php\/wp-json\/wp\/v2\/media?parent=22022"}],"wp:term":[{"taxonomy":"category","embeddable":true,"href":"https:\/\/www.lejournalduforkane.com\/index.php\/wp-json\/wp\/v2\/categories?post=22022"},{"taxonomy":"post_tag","embeddable":true,"href":"https:\/\/www.lejournalduforkane.com\/index.php\/wp-json\/wp\/v2\/tags?post=22022"}],"curies":[{"name":"wp","href":"https:\/\/api.w.org\/{rel}","templated":true}]}}