
{"id":22033,"date":"2019-02-03T22:14:33","date_gmt":"2019-02-03T22:14:33","guid":{"rendered":"https:\/\/www.lejournalduforkane.com\/?p=22033"},"modified":"2019-02-03T22:14:33","modified_gmt":"2019-02-03T22:14:33","slug":"les-sources-de-financement-des-medias-francais-passees-au-crible","status":"publish","type":"post","link":"https:\/\/www.lejournalduforkane.com\/index.php\/les-sources-de-financement-des-medias-francais-passees-au-crible\/","title":{"rendered":"Les sources de financement des m\u00e9dias fran\u00e7ais pass\u00e9es au crible"},"content":{"rendered":"<p><!--more--><\/p>\n<p>Les sources de financement des m\u00e9dias fran\u00e7ais pass\u00e9es au crible<br \/>\nSi l&rsquo;origine des fonds de RT est constamment cit\u00e9e, il n&rsquo;en va pas de m\u00eame pour les autres cha\u00eenes et magazines. Pourtant, comprendre qui tient les cordons de la bourse dans le paysage m\u00e9diatique permet une lecture plus avis\u00e9e.<\/p>\n<p><iframe loading=\"lazy\" width=\"720\" height=\"405\" src=\"\/\/rutube.ru\/play\/embed\/11991431\" frameborder=\"0\" webkitAllowFullScreen mozallowfullscreen allowfullscreen><\/iframe><\/p>\n","protected":false},"excerpt":{"rendered":"Les sources de financement des m\u00e9dias fran\u00e7ais pass\u00e9es au crible Si l'origine des fonds de RT est constamment cit\u00e9e, il n'en va pas de m\u00eame pour les autres cha\u00eenes et","protected":false},"author":2,"featured_media":0,"comment_status":"closed","ping_status":"open","sticky":false,"template":"","format":"standard","meta":[],"categories":[49],"tags":[],"_links":{"self":[{"href":"https:\/\/www.lejournalduforkane.com\/index.php\/wp-json\/wp\/v2\/posts\/22033"}],"collection":[{"href":"https:\/\/www.lejournalduforkane.com\/index.php\/wp-json\/wp\/v2\/posts"}],"about":[{"href":"https:\/\/www.lejournalduforkane.com\/index.php\/wp-json\/wp\/v2\/types\/post"}],"author":[{"embeddable":true,"href":"https:\/\/www.lejournalduforkane.com\/index.php\/wp-json\/wp\/v2\/users\/2"}],"replies":[{"embeddable":true,"href":"https:\/\/www.lejournalduforkane.com\/index.php\/wp-json\/wp\/v2\/comments?post=22033"}],"version-history":[{"count":1,"href":"https:\/\/www.lejournalduforkane.com\/index.php\/wp-json\/wp\/v2\/posts\/22033\/revisions"}],"predecessor-version":[{"id":22035,"href":"https:\/\/www.lejournalduforkane.com\/index.php\/wp-json\/wp\/v2\/posts\/22033\/revisions\/22035"}],"wp:attachment":[{"href":"https:\/\/www.lejournalduforkane.com\/index.php\/wp-json\/wp\/v2\/media?parent=22033"}],"wp:term":[{"taxonomy":"category","embeddable":true,"href":"https:\/\/www.lejournalduforkane.com\/index.php\/wp-json\/wp\/v2\/categories?post=22033"},{"taxonomy":"post_tag","embeddable":true,"href":"https:\/\/www.lejournalduforkane.com\/index.php\/wp-json\/wp\/v2\/tags?post=22033"}],"curies":[{"name":"wp","href":"https:\/\/api.w.org\/{rel}","templated":true}]}}