
{"id":22112,"date":"2019-02-14T18:07:46","date_gmt":"2019-02-14T18:07:46","guid":{"rendered":"https:\/\/www.lejournalduforkane.com\/?p=22112"},"modified":"2019-02-18T18:09:56","modified_gmt":"2019-02-18T18:09:56","slug":"a-varsovie-un-sommet-international-pour-contrer-linfluence-iranienne-au-moyen-orient","status":"publish","type":"post","link":"https:\/\/www.lejournalduforkane.com\/index.php\/a-varsovie-un-sommet-international-pour-contrer-linfluence-iranienne-au-moyen-orient\/","title":{"rendered":"A Varsovie, un sommet international pour contrer l&rsquo;influence iranienne au Moyen-Orient"},"content":{"rendered":"<p><!--more--><\/p>\n<p>A Varsovie, un sommet international pour contrer l&rsquo;influence iranienne au Moyen-Orient<br \/>\nUn sommet international promu par les \u00c9tats-Unis destin\u00e9 \u00e0 affaiblir l&rsquo;Iran sur la sc\u00e8ne moyen-orientale se tient \u00e0 Varsovie, en Pologne. Si la Russie et les responsables europ\u00e9ens de premier plan n&rsquo;ont pas fait le d\u00e9placement, Benjamin Netanyahou est quant \u00e0 lui pr\u00e9sent et a pris la parole.<\/p>\n<p><iframe loading=\"lazy\" width=\"560\" height=\"315\" src=\"https:\/\/www.youtube.com\/embed\/GikaAqudK8w\" frameborder=\"0\" allow=\"accelerometer; autoplay; encrypted-media; gyroscope; picture-in-picture\" allowfullscreen><\/iframe><\/p>\n","protected":false},"excerpt":{"rendered":"A Varsovie, un sommet international pour contrer l'influence iranienne au Moyen-Orient Un sommet international promu par les \u00c9tats-Unis destin\u00e9 \u00e0 affaiblir l'Iran sur la sc\u00e8ne moyen-orientale se tient \u00e0 Varsovie,","protected":false},"author":2,"featured_media":0,"comment_status":"closed","ping_status":"open","sticky":false,"template":"","format":"standard","meta":[],"categories":[49],"tags":[],"_links":{"self":[{"href":"https:\/\/www.lejournalduforkane.com\/index.php\/wp-json\/wp\/v2\/posts\/22112"}],"collection":[{"href":"https:\/\/www.lejournalduforkane.com\/index.php\/wp-json\/wp\/v2\/posts"}],"about":[{"href":"https:\/\/www.lejournalduforkane.com\/index.php\/wp-json\/wp\/v2\/types\/post"}],"author":[{"embeddable":true,"href":"https:\/\/www.lejournalduforkane.com\/index.php\/wp-json\/wp\/v2\/users\/2"}],"replies":[{"embeddable":true,"href":"https:\/\/www.lejournalduforkane.com\/index.php\/wp-json\/wp\/v2\/comments?post=22112"}],"version-history":[{"count":1,"href":"https:\/\/www.lejournalduforkane.com\/index.php\/wp-json\/wp\/v2\/posts\/22112\/revisions"}],"predecessor-version":[{"id":22114,"href":"https:\/\/www.lejournalduforkane.com\/index.php\/wp-json\/wp\/v2\/posts\/22112\/revisions\/22114"}],"wp:attachment":[{"href":"https:\/\/www.lejournalduforkane.com\/index.php\/wp-json\/wp\/v2\/media?parent=22112"}],"wp:term":[{"taxonomy":"category","embeddable":true,"href":"https:\/\/www.lejournalduforkane.com\/index.php\/wp-json\/wp\/v2\/categories?post=22112"},{"taxonomy":"post_tag","embeddable":true,"href":"https:\/\/www.lejournalduforkane.com\/index.php\/wp-json\/wp\/v2\/tags?post=22112"}],"curies":[{"name":"wp","href":"https:\/\/api.w.org\/{rel}","templated":true}]}}