
{"id":22119,"date":"2019-02-15T18:14:10","date_gmt":"2019-02-15T18:14:10","guid":{"rendered":"https:\/\/www.lejournalduforkane.com\/?p=22119"},"modified":"2019-02-18T18:20:19","modified_gmt":"2019-02-18T18:20:19","slug":"scenes-de-la-grande-marche-du-retour-a-la-frontiere-de-gaza-aujourdhui","status":"publish","type":"post","link":"https:\/\/www.lejournalduforkane.com\/index.php\/scenes-de-la-grande-marche-du-retour-a-la-frontiere-de-gaza-aujourdhui\/","title":{"rendered":"Sc\u00e8nes de la Grande Marche du Retour \u00e0 la fronti\u00e8re de Gaza aujourd&rsquo;hui"},"content":{"rendered":"<p><!--more--><\/p>\n<p><span id=\"field-embed-video-code\" class=\"video-urls-text\">&lt;iframe width=\u00a0\u00bb620&Prime; height=\u00a0\u00bb405&Prime; src=\u00a0\u00bb\/\/rutube.ru\/play\/embed\/12048555&Prime; frameborder=\u00a0\u00bb0&Prime; webkitAllowFullScreen mozallowfullscreen allowfullscreen&gt;&lt;\/iframe&gt;<\/span><\/p>\n","protected":false},"excerpt":{"rendered":"&lt;iframe width=\"620\" height=\"405\" src=\"\/\/rutube.ru\/play\/embed\/12048555\" frameborder=\"0\" webkitAllowFullScreen mozallowfullscreen allowfullscreen&gt;&lt;\/iframe&gt;","protected":false},"author":2,"featured_media":0,"comment_status":"closed","ping_status":"open","sticky":false,"template":"","format":"standard","meta":[],"categories":[49],"tags":[],"_links":{"self":[{"href":"https:\/\/www.lejournalduforkane.com\/index.php\/wp-json\/wp\/v2\/posts\/22119"}],"collection":[{"href":"https:\/\/www.lejournalduforkane.com\/index.php\/wp-json\/wp\/v2\/posts"}],"about":[{"href":"https:\/\/www.lejournalduforkane.com\/index.php\/wp-json\/wp\/v2\/types\/post"}],"author":[{"embeddable":true,"href":"https:\/\/www.lejournalduforkane.com\/index.php\/wp-json\/wp\/v2\/users\/2"}],"replies":[{"embeddable":true,"href":"https:\/\/www.lejournalduforkane.com\/index.php\/wp-json\/wp\/v2\/comments?post=22119"}],"version-history":[{"count":1,"href":"https:\/\/www.lejournalduforkane.com\/index.php\/wp-json\/wp\/v2\/posts\/22119\/revisions"}],"predecessor-version":[{"id":22128,"href":"https:\/\/www.lejournalduforkane.com\/index.php\/wp-json\/wp\/v2\/posts\/22119\/revisions\/22128"}],"wp:attachment":[{"href":"https:\/\/www.lejournalduforkane.com\/index.php\/wp-json\/wp\/v2\/media?parent=22119"}],"wp:term":[{"taxonomy":"category","embeddable":true,"href":"https:\/\/www.lejournalduforkane.com\/index.php\/wp-json\/wp\/v2\/categories?post=22119"},{"taxonomy":"post_tag","embeddable":true,"href":"https:\/\/www.lejournalduforkane.com\/index.php\/wp-json\/wp\/v2\/tags?post=22119"}],"curies":[{"name":"wp","href":"https:\/\/api.w.org\/{rel}","templated":true}]}}