
{"id":22129,"date":"2019-02-18T19:35:28","date_gmt":"2019-02-18T19:35:28","guid":{"rendered":"https:\/\/www.lejournalduforkane.com\/?p=22129"},"modified":"2019-02-18T19:35:28","modified_gmt":"2019-02-18T19:35:28","slug":"deux-femmes-palestiniennes-courageuses-ont-coupe-la-barriere-de-separation-a-la-frontiere-entre-gaza-et-la-palestine-occupee","status":"publish","type":"post","link":"https:\/\/www.lejournalduforkane.com\/index.php\/deux-femmes-palestiniennes-courageuses-ont-coupe-la-barriere-de-separation-a-la-frontiere-entre-gaza-et-la-palestine-occupee\/","title":{"rendered":"Deux femmes palestiniennes courageuses ont coup\u00e9 la barri\u00e8re de s\u00e9paration \u00e0 la fronti\u00e8re entre Gaza et la Palestine occup\u00e9e."},"content":{"rendered":"<p><!--more--><br \/>\nDeux femmes palestiniennes courageuses ont coup\u00e9 la barri\u00e8re de s\u00e9paration \u00e0 la fronti\u00e8re entre Gaza et la Palestine occup\u00e9e.<\/p>\n<p>Les manifestants palestiniens tentent de couper la cl\u00f4ture, qui est fix\u00e9e par Isra\u00ebl sur les terres de Gaza, pour protester contre le si\u00e8ge impos\u00e9 par Isra\u00ebl.<br \/>\n<iframe loading=\"lazy\" width=\"620\" height=\"405\" src=\"\/\/rutube.ru\/play\/embed\/12048701\" frameborder=\"0\" webkitAllowFullScreen mozallowfullscreen allowfullscreen><\/iframe><\/p>\n","protected":false},"excerpt":{"rendered":"Deux femmes palestiniennes courageuses ont coup\u00e9 la barri\u00e8re de s\u00e9paration \u00e0 la fronti\u00e8re entre Gaza et la Palestine occup\u00e9e. Les manifestants palestiniens tentent de couper la cl\u00f4ture, qui est fix\u00e9e","protected":false},"author":2,"featured_media":0,"comment_status":"closed","ping_status":"open","sticky":false,"template":"","format":"standard","meta":[],"categories":[49],"tags":[],"_links":{"self":[{"href":"https:\/\/www.lejournalduforkane.com\/index.php\/wp-json\/wp\/v2\/posts\/22129"}],"collection":[{"href":"https:\/\/www.lejournalduforkane.com\/index.php\/wp-json\/wp\/v2\/posts"}],"about":[{"href":"https:\/\/www.lejournalduforkane.com\/index.php\/wp-json\/wp\/v2\/types\/post"}],"author":[{"embeddable":true,"href":"https:\/\/www.lejournalduforkane.com\/index.php\/wp-json\/wp\/v2\/users\/2"}],"replies":[{"embeddable":true,"href":"https:\/\/www.lejournalduforkane.com\/index.php\/wp-json\/wp\/v2\/comments?post=22129"}],"version-history":[{"count":1,"href":"https:\/\/www.lejournalduforkane.com\/index.php\/wp-json\/wp\/v2\/posts\/22129\/revisions"}],"predecessor-version":[{"id":22131,"href":"https:\/\/www.lejournalduforkane.com\/index.php\/wp-json\/wp\/v2\/posts\/22129\/revisions\/22131"}],"wp:attachment":[{"href":"https:\/\/www.lejournalduforkane.com\/index.php\/wp-json\/wp\/v2\/media?parent=22129"}],"wp:term":[{"taxonomy":"category","embeddable":true,"href":"https:\/\/www.lejournalduforkane.com\/index.php\/wp-json\/wp\/v2\/categories?post=22129"},{"taxonomy":"post_tag","embeddable":true,"href":"https:\/\/www.lejournalduforkane.com\/index.php\/wp-json\/wp\/v2\/tags?post=22129"}],"curies":[{"name":"wp","href":"https:\/\/api.w.org\/{rel}","templated":true}]}}