
{"id":22137,"date":"2019-02-18T19:38:28","date_gmt":"2019-02-18T19:38:28","guid":{"rendered":"https:\/\/www.lejournalduforkane.com\/?p=22137"},"modified":"2019-02-18T19:40:45","modified_gmt":"2019-02-18T19:40:45","slug":"liran-devoile-le-sous-marin-fateh-equipe-de-missiles-de-croisiere-video","status":"publish","type":"post","link":"https:\/\/www.lejournalduforkane.com\/index.php\/liran-devoile-le-sous-marin-fateh-equipe-de-missiles-de-croisiere-video\/","title":{"rendered":"L\u2019Iran d\u00e9voile le sous-marin Fateh \u00e9quip\u00e9 de missiles de croisi\u00e8re (Vid\u00e9o)"},"content":{"rendered":"<p><!--more--><br \/>\nLa R\u00e9publique islamique d&rsquo;Iran a son premier sous-Marin de classe fateh. Le bateau de 600 tonne est arm\u00e9 de 4 lance-torpilles qui, selon des responsables iraniens, peuvent lancer aussi des missiles de croisi\u00e8re&#8230;<\/p>\n<p><iframe loading=\"lazy\" width=\"560\" height=\"315\" src=\"https:\/\/www.youtube.com\/embed\/EL4W4FkRTsQ\" frameborder=\"0\" allow=\"accelerometer; autoplay; encrypted-media; gyroscope; picture-in-picture\" allowfullscreen><\/iframe><\/p>\n","protected":false},"excerpt":{"rendered":"La R\u00e9publique islamique d'Iran a son premier sous-Marin de classe fateh. Le bateau de 600 tonne est arm\u00e9 de 4 lance-torpilles qui, selon des responsables iraniens, peuvent lancer aussi des","protected":false},"author":2,"featured_media":0,"comment_status":"closed","ping_status":"open","sticky":false,"template":"","format":"standard","meta":[],"categories":[49],"tags":[],"_links":{"self":[{"href":"https:\/\/www.lejournalduforkane.com\/index.php\/wp-json\/wp\/v2\/posts\/22137"}],"collection":[{"href":"https:\/\/www.lejournalduforkane.com\/index.php\/wp-json\/wp\/v2\/posts"}],"about":[{"href":"https:\/\/www.lejournalduforkane.com\/index.php\/wp-json\/wp\/v2\/types\/post"}],"author":[{"embeddable":true,"href":"https:\/\/www.lejournalduforkane.com\/index.php\/wp-json\/wp\/v2\/users\/2"}],"replies":[{"embeddable":true,"href":"https:\/\/www.lejournalduforkane.com\/index.php\/wp-json\/wp\/v2\/comments?post=22137"}],"version-history":[{"count":3,"href":"https:\/\/www.lejournalduforkane.com\/index.php\/wp-json\/wp\/v2\/posts\/22137\/revisions"}],"predecessor-version":[{"id":22141,"href":"https:\/\/www.lejournalduforkane.com\/index.php\/wp-json\/wp\/v2\/posts\/22137\/revisions\/22141"}],"wp:attachment":[{"href":"https:\/\/www.lejournalduforkane.com\/index.php\/wp-json\/wp\/v2\/media?parent=22137"}],"wp:term":[{"taxonomy":"category","embeddable":true,"href":"https:\/\/www.lejournalduforkane.com\/index.php\/wp-json\/wp\/v2\/categories?post=22137"},{"taxonomy":"post_tag","embeddable":true,"href":"https:\/\/www.lejournalduforkane.com\/index.php\/wp-json\/wp\/v2\/tags?post=22137"}],"curies":[{"name":"wp","href":"https:\/\/api.w.org\/{rel}","templated":true}]}}