
{"id":22162,"date":"2019-02-22T16:50:53","date_gmt":"2019-02-22T16:50:53","guid":{"rendered":"https:\/\/www.lejournalduforkane.com\/?p=22162"},"modified":"2019-02-23T16:55:22","modified_gmt":"2019-02-23T16:55:22","slug":"une-nation-dont-le-leader-est-le-prophete-mohammed-p-ne-s-incline-jamais","status":"publish","type":"post","link":"https:\/\/www.lejournalduforkane.com\/index.php\/une-nation-dont-le-leader-est-le-prophete-mohammed-p-ne-s-incline-jamais\/","title":{"rendered":"\u00ab\u00a0Une nation, dont le leader est le proph\u00e8te Mohammed (P), ne s&rsquo; incline jamais\u00a0\u00bb"},"content":{"rendered":"<p><!--more--><\/p>\n<p>\u00ab\u00a0Une nation, dont le leader est le proph\u00e8te Mohammed (P), ne s&rsquo; incline jamais\u00a0\u00bb<\/p>\n<p>Les Palestiniens c\u00e9l\u00e8brent leur victoire et l&rsquo;ouverture de la porte d&rsquo;Al Rahma pour la premi\u00e8re fois en 16 ans avec des chants.<\/p>\n<p><iframe loading=\"lazy\" width=\"620\" height=\"405\" src=\"\/\/rutube.ru\/play\/embed\/12068422\" frameborder=\"0\" webkitAllowFullScreen mozallowfullscreen allowfullscreen><\/iframe><\/p>\n","protected":false},"excerpt":{"rendered":"\"Une nation, dont le leader est le proph\u00e8te Mohammed (P), ne s' incline jamais\" Les Palestiniens c\u00e9l\u00e8brent leur victoire et l'ouverture de la porte d'Al Rahma pour la premi\u00e8re fois","protected":false},"author":2,"featured_media":0,"comment_status":"closed","ping_status":"open","sticky":false,"template":"","format":"standard","meta":[],"categories":[49],"tags":[],"_links":{"self":[{"href":"https:\/\/www.lejournalduforkane.com\/index.php\/wp-json\/wp\/v2\/posts\/22162"}],"collection":[{"href":"https:\/\/www.lejournalduforkane.com\/index.php\/wp-json\/wp\/v2\/posts"}],"about":[{"href":"https:\/\/www.lejournalduforkane.com\/index.php\/wp-json\/wp\/v2\/types\/post"}],"author":[{"embeddable":true,"href":"https:\/\/www.lejournalduforkane.com\/index.php\/wp-json\/wp\/v2\/users\/2"}],"replies":[{"embeddable":true,"href":"https:\/\/www.lejournalduforkane.com\/index.php\/wp-json\/wp\/v2\/comments?post=22162"}],"version-history":[{"count":1,"href":"https:\/\/www.lejournalduforkane.com\/index.php\/wp-json\/wp\/v2\/posts\/22162\/revisions"}],"predecessor-version":[{"id":22164,"href":"https:\/\/www.lejournalduforkane.com\/index.php\/wp-json\/wp\/v2\/posts\/22162\/revisions\/22164"}],"wp:attachment":[{"href":"https:\/\/www.lejournalduforkane.com\/index.php\/wp-json\/wp\/v2\/media?parent=22162"}],"wp:term":[{"taxonomy":"category","embeddable":true,"href":"https:\/\/www.lejournalduforkane.com\/index.php\/wp-json\/wp\/v2\/categories?post=22162"},{"taxonomy":"post_tag","embeddable":true,"href":"https:\/\/www.lejournalduforkane.com\/index.php\/wp-json\/wp\/v2\/tags?post=22162"}],"curies":[{"name":"wp","href":"https:\/\/api.w.org\/{rel}","templated":true}]}}