
{"id":22165,"date":"2019-02-22T16:55:36","date_gmt":"2019-02-22T16:55:36","guid":{"rendered":"https:\/\/www.lejournalduforkane.com\/?p=22165"},"modified":"2019-02-23T17:01:28","modified_gmt":"2019-02-23T17:01:28","slug":"regardez-le-moment-ou-des-milliers-de-palestiniens-ont-pu-entrer-depuis-la-porte-dal-rahma-a-la-mosquee-dal-aqsa-pour-la-premiere-fois-en-16-ans","status":"publish","type":"post","link":"https:\/\/www.lejournalduforkane.com\/index.php\/regardez-le-moment-ou-des-milliers-de-palestiniens-ont-pu-entrer-depuis-la-porte-dal-rahma-a-la-mosquee-dal-aqsa-pour-la-premiere-fois-en-16-ans\/","title":{"rendered":"Regardez le moment o\u00f9 des milliers de palestiniens ont pu entrer depuis la porte d&rsquo;Al Rahma \u00e0 la mosqu\u00e9e d&rsquo;Al Aqsa pour la premi\u00e8re fois en 16 ans"},"content":{"rendered":"<p><!--more--><\/p>\n<p><iframe loading=\"lazy\" width=\"620\" height=\"405\" src=\"\/\/rutube.ru\/play\/embed\/12068430\" frameborder=\"0\" webkitAllowFullScreen mozallowfullscreen allowfullscreen><\/iframe><\/p>\n","protected":false},"excerpt":{"rendered":"","protected":false},"author":2,"featured_media":0,"comment_status":"closed","ping_status":"open","sticky":false,"template":"","format":"standard","meta":[],"categories":[49],"tags":[],"_links":{"self":[{"href":"https:\/\/www.lejournalduforkane.com\/index.php\/wp-json\/wp\/v2\/posts\/22165"}],"collection":[{"href":"https:\/\/www.lejournalduforkane.com\/index.php\/wp-json\/wp\/v2\/posts"}],"about":[{"href":"https:\/\/www.lejournalduforkane.com\/index.php\/wp-json\/wp\/v2\/types\/post"}],"author":[{"embeddable":true,"href":"https:\/\/www.lejournalduforkane.com\/index.php\/wp-json\/wp\/v2\/users\/2"}],"replies":[{"embeddable":true,"href":"https:\/\/www.lejournalduforkane.com\/index.php\/wp-json\/wp\/v2\/comments?post=22165"}],"version-history":[{"count":1,"href":"https:\/\/www.lejournalduforkane.com\/index.php\/wp-json\/wp\/v2\/posts\/22165\/revisions"}],"predecessor-version":[{"id":22173,"href":"https:\/\/www.lejournalduforkane.com\/index.php\/wp-json\/wp\/v2\/posts\/22165\/revisions\/22173"}],"wp:attachment":[{"href":"https:\/\/www.lejournalduforkane.com\/index.php\/wp-json\/wp\/v2\/media?parent=22165"}],"wp:term":[{"taxonomy":"category","embeddable":true,"href":"https:\/\/www.lejournalduforkane.com\/index.php\/wp-json\/wp\/v2\/categories?post=22165"},{"taxonomy":"post_tag","embeddable":true,"href":"https:\/\/www.lejournalduforkane.com\/index.php\/wp-json\/wp\/v2\/tags?post=22165"}],"curies":[{"name":"wp","href":"https:\/\/api.w.org\/{rel}","templated":true}]}}