
{"id":22183,"date":"2019-02-25T19:51:20","date_gmt":"2019-02-25T19:51:20","guid":{"rendered":"https:\/\/www.lejournalduforkane.com\/?p=22183"},"modified":"2019-02-25T19:51:20","modified_gmt":"2019-02-25T19:51:20","slug":"video-la-visite-du-president-bachar-el-assad-en-iran-et-sa-rencontre-avec-le-guide-layatollah-seyyed-ali-el-khamenei","status":"publish","type":"post","link":"https:\/\/www.lejournalduforkane.com\/index.php\/video-la-visite-du-president-bachar-el-assad-en-iran-et-sa-rencontre-avec-le-guide-layatollah-seyyed-ali-el-khamenei\/","title":{"rendered":"[Vid\u00e9o] | La visite du pr\u00e9sident Bachar el-Assad en Iran et sa rencontre avec le guide l&rsquo;ayatollah seyyed Ali el-Kham\u00e9n\u00e9i"},"content":{"rendered":"<p><!--more--><\/p>\n<p><iframe loading=\"lazy\" width=\"620\" height=\"405\" src=\"\/\/rutube.ru\/play\/embed\/12076065\" frameborder=\"0\" webkitAllowFullScreen mozallowfullscreen allowfullscreen><\/iframe><\/p>\n","protected":false},"excerpt":{"rendered":"","protected":false},"author":2,"featured_media":0,"comment_status":"closed","ping_status":"open","sticky":false,"template":"","format":"standard","meta":[],"categories":[49],"tags":[],"_links":{"self":[{"href":"https:\/\/www.lejournalduforkane.com\/index.php\/wp-json\/wp\/v2\/posts\/22183"}],"collection":[{"href":"https:\/\/www.lejournalduforkane.com\/index.php\/wp-json\/wp\/v2\/posts"}],"about":[{"href":"https:\/\/www.lejournalduforkane.com\/index.php\/wp-json\/wp\/v2\/types\/post"}],"author":[{"embeddable":true,"href":"https:\/\/www.lejournalduforkane.com\/index.php\/wp-json\/wp\/v2\/users\/2"}],"replies":[{"embeddable":true,"href":"https:\/\/www.lejournalduforkane.com\/index.php\/wp-json\/wp\/v2\/comments?post=22183"}],"version-history":[{"count":1,"href":"https:\/\/www.lejournalduforkane.com\/index.php\/wp-json\/wp\/v2\/posts\/22183\/revisions"}],"predecessor-version":[{"id":22185,"href":"https:\/\/www.lejournalduforkane.com\/index.php\/wp-json\/wp\/v2\/posts\/22183\/revisions\/22185"}],"wp:attachment":[{"href":"https:\/\/www.lejournalduforkane.com\/index.php\/wp-json\/wp\/v2\/media?parent=22183"}],"wp:term":[{"taxonomy":"category","embeddable":true,"href":"https:\/\/www.lejournalduforkane.com\/index.php\/wp-json\/wp\/v2\/categories?post=22183"},{"taxonomy":"post_tag","embeddable":true,"href":"https:\/\/www.lejournalduforkane.com\/index.php\/wp-json\/wp\/v2\/tags?post=22183"}],"curies":[{"name":"wp","href":"https:\/\/api.w.org\/{rel}","templated":true}]}}