
{"id":22186,"date":"2019-02-25T19:59:48","date_gmt":"2019-02-25T19:59:48","guid":{"rendered":"https:\/\/www.lejournalduforkane.com\/?p=22186"},"modified":"2019-02-25T19:59:48","modified_gmt":"2019-02-25T19:59:48","slug":"hassan-nasrallah-netanyahou-trompe-son-peuple-sur-les-missiles-de-precision-du-hezbollah","status":"publish","type":"post","link":"https:\/\/www.lejournalduforkane.com\/index.php\/hassan-nasrallah-netanyahou-trompe-son-peuple-sur-les-missiles-de-precision-du-hezbollah\/","title":{"rendered":"HASSAN NASRALLAH : NETANYAHOU TROMPE SON PEUPLE SUR LES MISSILES DE PR\u00c9CISION DU HEZBOLLAH"},"content":{"rendered":"<p><!--more--><\/p>\n<p>Entretien du Secr\u00e9taire G\u00e9n\u00e9ral du Hezbollah, Sayed Hassan Nasrallah, le 26 janvier 2019, avec Ghassan Ben Jeddou, fondateur de la cha\u00eene panarabe et anti-imp\u00e9rialiste Al-Mayadeen.<\/p>\n<p><iframe loading=\"lazy\" width=\"620\" height=\"405\" src=\"\/\/rutube.ru\/play\/embed\/12076094\" frameborder=\"0\" webkitAllowFullScreen mozallowfullscreen allowfullscreen><\/iframe><\/p>\n","protected":false},"excerpt":{"rendered":"Entretien du Secr\u00e9taire G\u00e9n\u00e9ral du Hezbollah, Sayed Hassan Nasrallah, le 26 janvier 2019, avec Ghassan Ben Jeddou, fondateur de la cha\u00eene panarabe et anti-imp\u00e9rialiste Al-Mayadeen.","protected":false},"author":2,"featured_media":0,"comment_status":"closed","ping_status":"open","sticky":false,"template":"","format":"standard","meta":[],"categories":[49],"tags":[],"_links":{"self":[{"href":"https:\/\/www.lejournalduforkane.com\/index.php\/wp-json\/wp\/v2\/posts\/22186"}],"collection":[{"href":"https:\/\/www.lejournalduforkane.com\/index.php\/wp-json\/wp\/v2\/posts"}],"about":[{"href":"https:\/\/www.lejournalduforkane.com\/index.php\/wp-json\/wp\/v2\/types\/post"}],"author":[{"embeddable":true,"href":"https:\/\/www.lejournalduforkane.com\/index.php\/wp-json\/wp\/v2\/users\/2"}],"replies":[{"embeddable":true,"href":"https:\/\/www.lejournalduforkane.com\/index.php\/wp-json\/wp\/v2\/comments?post=22186"}],"version-history":[{"count":1,"href":"https:\/\/www.lejournalduforkane.com\/index.php\/wp-json\/wp\/v2\/posts\/22186\/revisions"}],"predecessor-version":[{"id":22195,"href":"https:\/\/www.lejournalduforkane.com\/index.php\/wp-json\/wp\/v2\/posts\/22186\/revisions\/22195"}],"wp:attachment":[{"href":"https:\/\/www.lejournalduforkane.com\/index.php\/wp-json\/wp\/v2\/media?parent=22186"}],"wp:term":[{"taxonomy":"category","embeddable":true,"href":"https:\/\/www.lejournalduforkane.com\/index.php\/wp-json\/wp\/v2\/categories?post=22186"},{"taxonomy":"post_tag","embeddable":true,"href":"https:\/\/www.lejournalduforkane.com\/index.php\/wp-json\/wp\/v2\/tags?post=22186"}],"curies":[{"name":"wp","href":"https:\/\/api.w.org\/{rel}","templated":true}]}}