
{"id":22230,"date":"2019-03-09T19:38:51","date_gmt":"2019-03-09T19:38:51","guid":{"rendered":"https:\/\/www.lejournalduforkane.com\/?p=22230"},"modified":"2019-03-10T19:40:26","modified_gmt":"2019-03-10T19:40:26","slug":"regardez-la-facon-israelienne-de-celebrer-la-journee-de-la-femme","status":"publish","type":"post","link":"https:\/\/www.lejournalduforkane.com\/index.php\/regardez-la-facon-israelienne-de-celebrer-la-journee-de-la-femme\/","title":{"rendered":"Regardez | La fa\u00e7on isra\u00e9lienne de c\u00e9l\u00e9brer la Journ\u00e9e de la femme&#8230;"},"content":{"rendered":"<p><!--more--><\/p>\n<p>Les autorit\u00e9s isra\u00e9liennes ont lib\u00e9r\u00e9 le corps de Samah Moubarak (16 ans) apr\u00e8s 36 jours de d\u00e9tention&#8230;<br \/>\nSamah a \u00e9t\u00e9 abattu pr\u00e8s d&rsquo;un poste de contr\u00f4le militaire dans J\u00e9rusalem occup\u00e9e et a \u00e9t\u00e9 laiss\u00e9 saigner \u00e0 mort sous pr\u00e9texte d&rsquo;essayer de poignarder un soldat.<\/p>\n<p><iframe loading=\"lazy\" width=\"620\" height=\"405\" src=\"\/\/rutube.ru\/play\/embed\/12125166\" frameborder=\"0\" webkitAllowFullScreen mozallowfullscreen allowfullscreen><\/iframe><\/p>\n","protected":false},"excerpt":{"rendered":"Les autorit\u00e9s isra\u00e9liennes ont lib\u00e9r\u00e9 le corps de Samah Moubarak (16 ans) apr\u00e8s 36 jours de d\u00e9tention... Samah a \u00e9t\u00e9 abattu pr\u00e8s d'un poste de contr\u00f4le militaire dans J\u00e9rusalem occup\u00e9e","protected":false},"author":2,"featured_media":0,"comment_status":"closed","ping_status":"open","sticky":false,"template":"","format":"standard","meta":[],"categories":[49],"tags":[],"_links":{"self":[{"href":"https:\/\/www.lejournalduforkane.com\/index.php\/wp-json\/wp\/v2\/posts\/22230"}],"collection":[{"href":"https:\/\/www.lejournalduforkane.com\/index.php\/wp-json\/wp\/v2\/posts"}],"about":[{"href":"https:\/\/www.lejournalduforkane.com\/index.php\/wp-json\/wp\/v2\/types\/post"}],"author":[{"embeddable":true,"href":"https:\/\/www.lejournalduforkane.com\/index.php\/wp-json\/wp\/v2\/users\/2"}],"replies":[{"embeddable":true,"href":"https:\/\/www.lejournalduforkane.com\/index.php\/wp-json\/wp\/v2\/comments?post=22230"}],"version-history":[{"count":3,"href":"https:\/\/www.lejournalduforkane.com\/index.php\/wp-json\/wp\/v2\/posts\/22230\/revisions"}],"predecessor-version":[{"id":22235,"href":"https:\/\/www.lejournalduforkane.com\/index.php\/wp-json\/wp\/v2\/posts\/22230\/revisions\/22235"}],"wp:attachment":[{"href":"https:\/\/www.lejournalduforkane.com\/index.php\/wp-json\/wp\/v2\/media?parent=22230"}],"wp:term":[{"taxonomy":"category","embeddable":true,"href":"https:\/\/www.lejournalduforkane.com\/index.php\/wp-json\/wp\/v2\/categories?post=22230"},{"taxonomy":"post_tag","embeddable":true,"href":"https:\/\/www.lejournalduforkane.com\/index.php\/wp-json\/wp\/v2\/tags?post=22230"}],"curies":[{"name":"wp","href":"https:\/\/api.w.org\/{rel}","templated":true}]}}