
{"id":22238,"date":"2019-03-10T19:45:40","date_gmt":"2019-03-10T19:45:40","guid":{"rendered":"https:\/\/www.lejournalduforkane.com\/?p=22238"},"modified":"2019-03-10T19:45:40","modified_gmt":"2019-03-10T19:45:40","slug":"video-des-armes-israeliennes-laissees-par-des-terroristes-salafistes-trouves-a-la-peripherie-de-yelda-la-campagne-de-damas","status":"publish","type":"post","link":"https:\/\/www.lejournalduforkane.com\/index.php\/video-des-armes-israeliennes-laissees-par-des-terroristes-salafistes-trouves-a-la-peripherie-de-yelda-la-campagne-de-damas\/","title":{"rendered":"[Vid\u00e9o] | Des armes isra\u00e9liennes laiss\u00e9es par des terroristes salafistes trouv\u00e9s \u00e0 la p\u00e9riph\u00e9rie de Yelda, la campagne de Damas."},"content":{"rendered":"<p><!--more--><\/p>\n<p><iframe loading=\"lazy\" width=\"620\" height=\"405\" src=\"\/\/rutube.ru\/play\/embed\/12125187\" frameborder=\"0\" webkitAllowFullScreen mozallowfullscreen allowfullscreen><\/iframe><\/p>\n","protected":false},"excerpt":{"rendered":"","protected":false},"author":2,"featured_media":0,"comment_status":"closed","ping_status":"open","sticky":false,"template":"","format":"standard","meta":[],"categories":[49],"tags":[],"_links":{"self":[{"href":"https:\/\/www.lejournalduforkane.com\/index.php\/wp-json\/wp\/v2\/posts\/22238"}],"collection":[{"href":"https:\/\/www.lejournalduforkane.com\/index.php\/wp-json\/wp\/v2\/posts"}],"about":[{"href":"https:\/\/www.lejournalduforkane.com\/index.php\/wp-json\/wp\/v2\/types\/post"}],"author":[{"embeddable":true,"href":"https:\/\/www.lejournalduforkane.com\/index.php\/wp-json\/wp\/v2\/users\/2"}],"replies":[{"embeddable":true,"href":"https:\/\/www.lejournalduforkane.com\/index.php\/wp-json\/wp\/v2\/comments?post=22238"}],"version-history":[{"count":1,"href":"https:\/\/www.lejournalduforkane.com\/index.php\/wp-json\/wp\/v2\/posts\/22238\/revisions"}],"predecessor-version":[{"id":22240,"href":"https:\/\/www.lejournalduforkane.com\/index.php\/wp-json\/wp\/v2\/posts\/22238\/revisions\/22240"}],"wp:attachment":[{"href":"https:\/\/www.lejournalduforkane.com\/index.php\/wp-json\/wp\/v2\/media?parent=22238"}],"wp:term":[{"taxonomy":"category","embeddable":true,"href":"https:\/\/www.lejournalduforkane.com\/index.php\/wp-json\/wp\/v2\/categories?post=22238"},{"taxonomy":"post_tag","embeddable":true,"href":"https:\/\/www.lejournalduforkane.com\/index.php\/wp-json\/wp\/v2\/tags?post=22238"}],"curies":[{"name":"wp","href":"https:\/\/api.w.org\/{rel}","templated":true}]}}