
{"id":22259,"date":"2019-03-12T19:29:12","date_gmt":"2019-03-12T19:29:12","guid":{"rendered":"https:\/\/www.lejournalduforkane.com\/?p=22259"},"modified":"2019-03-13T19:32:46","modified_gmt":"2019-03-13T19:32:46","slug":"les-officiers-de-police-israeliens-montent-le-toit-du-dome-du-rocher-a-linterieur-de-la-mosquee-sainte-dal-aqsa-a-jerusalem-occupee","status":"publish","type":"post","link":"https:\/\/www.lejournalduforkane.com\/index.php\/les-officiers-de-police-israeliens-montent-le-toit-du-dome-du-rocher-a-linterieur-de-la-mosquee-sainte-dal-aqsa-a-jerusalem-occupee\/","title":{"rendered":"Les officiers de police isra\u00e9liens montent le toit du D\u00f4me du Rocher \u00e0 l&rsquo;int\u00e9rieur de la mosqu\u00e9e Sainte d&rsquo;Al Aqsa \u00e0 J\u00e9rusalem occup\u00e9e&#8230;"},"content":{"rendered":"<p><!--more--><\/p>\n<p>Les officiers de police isra\u00e9liens montent le toit du D\u00f4me du Rocher \u00e0 l&rsquo;int\u00e9rieur de la mosqu\u00e9e Sainte d&rsquo;Al Aqsa \u00e0 J\u00e9rusalem occup\u00e9e, apr\u00e8s avoir forc\u00e9 tous les fid\u00e8les palestiniens \u00e0 le quitter, aujourd&rsquo;hui.<\/p>\n<p><iframe loading=\"lazy\" width=\"620\" height=\"405\" src=\"\/\/rutube.ru\/play\/embed\/12138757\" frameborder=\"0\" webkitAllowFullScreen mozallowfullscreen allowfullscreen><\/iframe><\/p>\n","protected":false},"excerpt":{"rendered":"Les officiers de police isra\u00e9liens montent le toit du D\u00f4me du Rocher \u00e0 l'int\u00e9rieur de la mosqu\u00e9e Sainte d'Al Aqsa \u00e0 J\u00e9rusalem occup\u00e9e, apr\u00e8s avoir forc\u00e9 tous les fid\u00e8les palestiniens","protected":false},"author":2,"featured_media":0,"comment_status":"closed","ping_status":"open","sticky":false,"template":"","format":"standard","meta":[],"categories":[49],"tags":[],"_links":{"self":[{"href":"https:\/\/www.lejournalduforkane.com\/index.php\/wp-json\/wp\/v2\/posts\/22259"}],"collection":[{"href":"https:\/\/www.lejournalduforkane.com\/index.php\/wp-json\/wp\/v2\/posts"}],"about":[{"href":"https:\/\/www.lejournalduforkane.com\/index.php\/wp-json\/wp\/v2\/types\/post"}],"author":[{"embeddable":true,"href":"https:\/\/www.lejournalduforkane.com\/index.php\/wp-json\/wp\/v2\/users\/2"}],"replies":[{"embeddable":true,"href":"https:\/\/www.lejournalduforkane.com\/index.php\/wp-json\/wp\/v2\/comments?post=22259"}],"version-history":[{"count":1,"href":"https:\/\/www.lejournalduforkane.com\/index.php\/wp-json\/wp\/v2\/posts\/22259\/revisions"}],"predecessor-version":[{"id":22261,"href":"https:\/\/www.lejournalduforkane.com\/index.php\/wp-json\/wp\/v2\/posts\/22259\/revisions\/22261"}],"wp:attachment":[{"href":"https:\/\/www.lejournalduforkane.com\/index.php\/wp-json\/wp\/v2\/media?parent=22259"}],"wp:term":[{"taxonomy":"category","embeddable":true,"href":"https:\/\/www.lejournalduforkane.com\/index.php\/wp-json\/wp\/v2\/categories?post=22259"},{"taxonomy":"post_tag","embeddable":true,"href":"https:\/\/www.lejournalduforkane.com\/index.php\/wp-json\/wp\/v2\/tags?post=22259"}],"curies":[{"name":"wp","href":"https:\/\/api.w.org\/{rel}","templated":true}]}}