
{"id":22262,"date":"2019-03-13T19:33:49","date_gmt":"2019-03-13T19:33:49","guid":{"rendered":"https:\/\/www.lejournalduforkane.com\/?p=22262"},"modified":"2019-03-13T19:33:49","modified_gmt":"2019-03-13T19:33:49","slug":"en-video-ce-qui-sest-passe-a-la-mosquee-dal-aqsa-le-13-mars-2019","status":"publish","type":"post","link":"https:\/\/www.lejournalduforkane.com\/index.php\/en-video-ce-qui-sest-passe-a-la-mosquee-dal-aqsa-le-13-mars-2019\/","title":{"rendered":"EN VID\u00c9O | CE QUI S&rsquo;EST PASS\u00c9 \u00c0 LA MOSQU\u00c9E D&rsquo;AL-AQSA LE 13 MARS 2019"},"content":{"rendered":"<p><!--more--><\/p>\n<p>La tension et des affrontements ont \u00e9clat\u00e9 dans l&rsquo;enceinte de la mosqu\u00e9e Al-Aqsa le 13 mars 2019, apr\u00e8s une explosion dans un centre de la police isra\u00e9lienne.<\/p>\n<p>La police isra\u00e9lienne a ensuite expuls\u00e9 tous les fid\u00e8les de la mosqu\u00e9e Al-Aqsa et en a ferm\u00e9 toutes les portes, ce qui a d\u00e9clench\u00e9 des affrontements entre les fid\u00e8les musulmans et palestiniens et la police isra\u00e9lienne.<\/p>\n<p>La police isra\u00e9lienne a attaqu\u00e9 et arr\u00eat\u00e9 les fid\u00e8les qui ont manifest\u00e9, et a attaqu\u00e9 les cam\u00e9ramans et les journalistes couvrant les \u00e9v\u00e9nements. Les fid\u00e8les palestiniens ont pri\u00e9 dans les rues avant les portes de la mosqu\u00e9e Al-Aqsa, et la manifestation a dur\u00e9 toute la nuit.<\/p>\n<p>\u00ab\u00a0La police isra\u00e9lienne est pleinement responsable de cet acte insens\u00e9\u00a0\u00bb, a d\u00e9clar\u00e9 le pr\u00e9dicateur de la mosqu\u00e9e Al Aqsa, Ikrima Sabri.<\/p>\n<p><iframe loading=\"lazy\" width=\"620\" height=\"405\" src=\"\/\/rutube.ru\/play\/embed\/12138770\" frameborder=\"0\" webkitAllowFullScreen mozallowfullscreen allowfullscreen><\/iframe><\/p>\n","protected":false},"excerpt":{"rendered":"La tension et des affrontements ont \u00e9clat\u00e9 dans l'enceinte de la mosqu\u00e9e Al-Aqsa le 13 mars 2019, apr\u00e8s une explosion dans un centre de la police isra\u00e9lienne. La police isra\u00e9lienne","protected":false},"author":2,"featured_media":0,"comment_status":"closed","ping_status":"open","sticky":false,"template":"","format":"standard","meta":[],"categories":[49],"tags":[],"_links":{"self":[{"href":"https:\/\/www.lejournalduforkane.com\/index.php\/wp-json\/wp\/v2\/posts\/22262"}],"collection":[{"href":"https:\/\/www.lejournalduforkane.com\/index.php\/wp-json\/wp\/v2\/posts"}],"about":[{"href":"https:\/\/www.lejournalduforkane.com\/index.php\/wp-json\/wp\/v2\/types\/post"}],"author":[{"embeddable":true,"href":"https:\/\/www.lejournalduforkane.com\/index.php\/wp-json\/wp\/v2\/users\/2"}],"replies":[{"embeddable":true,"href":"https:\/\/www.lejournalduforkane.com\/index.php\/wp-json\/wp\/v2\/comments?post=22262"}],"version-history":[{"count":1,"href":"https:\/\/www.lejournalduforkane.com\/index.php\/wp-json\/wp\/v2\/posts\/22262\/revisions"}],"predecessor-version":[{"id":22264,"href":"https:\/\/www.lejournalduforkane.com\/index.php\/wp-json\/wp\/v2\/posts\/22262\/revisions\/22264"}],"wp:attachment":[{"href":"https:\/\/www.lejournalduforkane.com\/index.php\/wp-json\/wp\/v2\/media?parent=22262"}],"wp:term":[{"taxonomy":"category","embeddable":true,"href":"https:\/\/www.lejournalduforkane.com\/index.php\/wp-json\/wp\/v2\/categories?post=22262"},{"taxonomy":"post_tag","embeddable":true,"href":"https:\/\/www.lejournalduforkane.com\/index.php\/wp-json\/wp\/v2\/tags?post=22262"}],"curies":[{"name":"wp","href":"https:\/\/api.w.org\/{rel}","templated":true}]}}