
{"id":22274,"date":"2019-03-16T19:35:44","date_gmt":"2019-03-16T19:35:44","guid":{"rendered":"https:\/\/www.lejournalduforkane.com\/?p=22274"},"modified":"2019-03-17T19:38:24","modified_gmt":"2019-03-17T19:38:24","slug":"les-palestiniens-ont-effectue-les-prieres-du-vendredi-pour-les-victimes-de-lattaque-terroriste-contre-une-mosquee-en-nouvelle-zelande-dans-les-cours-de-la-mosquee-dal-aqsa","status":"publish","type":"post","link":"https:\/\/www.lejournalduforkane.com\/index.php\/les-palestiniens-ont-effectue-les-prieres-du-vendredi-pour-les-victimes-de-lattaque-terroriste-contre-une-mosquee-en-nouvelle-zelande-dans-les-cours-de-la-mosquee-dal-aqsa\/","title":{"rendered":"Les Palestiniens ont effectu\u00e9 les pri\u00e8res du Vendredi pour les victimes de l&rsquo;attaque terroriste contre une mosqu\u00e9e en Nouvelle-Z\u00e9lande, dans les cours de la mosqu\u00e9e d&rsquo;Al Aqsa"},"content":{"rendered":"<p><!--more--><\/p>\n<p>Les Palestiniens ont effectu\u00e9 les pri\u00e8res du Vendredi pour les victimes de l&rsquo;attaque terroriste contre une mosqu\u00e9e en Nouvelle-Z\u00e9lande, dans les cours de la mosqu\u00e9e d&rsquo;Al Aqsa.<\/p>\n<p><iframe loading=\"lazy\" width=\"720\" height=\"405\" src=\"\/\/rutube.ru\/play\/embed\/12161125\" frameborder=\"0\" webkitAllowFullScreen mozallowfullscreen allowfullscreen><\/iframe><\/p>\n","protected":false},"excerpt":{"rendered":"Les Palestiniens ont effectu\u00e9 les pri\u00e8res du Vendredi pour les victimes de l'attaque terroriste contre une mosqu\u00e9e en Nouvelle-Z\u00e9lande, dans les cours de la mosqu\u00e9e d'Al Aqsa.","protected":false},"author":2,"featured_media":0,"comment_status":"closed","ping_status":"open","sticky":false,"template":"","format":"standard","meta":[],"categories":[49],"tags":[],"_links":{"self":[{"href":"https:\/\/www.lejournalduforkane.com\/index.php\/wp-json\/wp\/v2\/posts\/22274"}],"collection":[{"href":"https:\/\/www.lejournalduforkane.com\/index.php\/wp-json\/wp\/v2\/posts"}],"about":[{"href":"https:\/\/www.lejournalduforkane.com\/index.php\/wp-json\/wp\/v2\/types\/post"}],"author":[{"embeddable":true,"href":"https:\/\/www.lejournalduforkane.com\/index.php\/wp-json\/wp\/v2\/users\/2"}],"replies":[{"embeddable":true,"href":"https:\/\/www.lejournalduforkane.com\/index.php\/wp-json\/wp\/v2\/comments?post=22274"}],"version-history":[{"count":1,"href":"https:\/\/www.lejournalduforkane.com\/index.php\/wp-json\/wp\/v2\/posts\/22274\/revisions"}],"predecessor-version":[{"id":22277,"href":"https:\/\/www.lejournalduforkane.com\/index.php\/wp-json\/wp\/v2\/posts\/22274\/revisions\/22277"}],"wp:attachment":[{"href":"https:\/\/www.lejournalduforkane.com\/index.php\/wp-json\/wp\/v2\/media?parent=22274"}],"wp:term":[{"taxonomy":"category","embeddable":true,"href":"https:\/\/www.lejournalduforkane.com\/index.php\/wp-json\/wp\/v2\/categories?post=22274"},{"taxonomy":"post_tag","embeddable":true,"href":"https:\/\/www.lejournalduforkane.com\/index.php\/wp-json\/wp\/v2\/tags?post=22274"}],"curies":[{"name":"wp","href":"https:\/\/api.w.org\/{rel}","templated":true}]}}