
{"id":22290,"date":"2019-03-20T19:22:31","date_gmt":"2019-03-20T19:22:31","guid":{"rendered":"https:\/\/www.lejournalduforkane.com\/?p=22290"},"modified":"2019-03-20T19:22:31","modified_gmt":"2019-03-20T19:22:31","slug":"eric-drouet-des-gilets-jaunes-denonce-lislamophobie-en-france","status":"publish","type":"post","link":"https:\/\/www.lejournalduforkane.com\/index.php\/eric-drouet-des-gilets-jaunes-denonce-lislamophobie-en-france\/","title":{"rendered":"\u00c9ric Drouet des Gilets Jaunes d\u00e9nonce l&rsquo;islamophobie en France."},"content":{"rendered":"<p><!--more--><br \/>\nIl d\u00e9nonce aussi les man\u0153uvres des m\u00e9dias et du gouvernement qui focalisent l&rsquo;attention des fran\u00e7ais sur le Hijab et les musulmans pour ne pas parler des probl\u00e8mes sociaux du peuple.<\/p>\n<p>BRAVO ET COURAGE !<\/p>\n<p><iframe loading=\"lazy\" width=\"720\" height=\"405\" src=\"\/\/rutube.ru\/play\/embed\/12177594\" frameborder=\"0\" webkitAllowFullScreen mozallowfullscreen allowfullscreen><\/iframe><\/p>\n","protected":false},"excerpt":{"rendered":"Il d\u00e9nonce aussi les man\u0153uvres des m\u00e9dias et du gouvernement qui focalisent l'attention des fran\u00e7ais sur le Hijab et les musulmans pour ne pas parler des probl\u00e8mes sociaux du peuple.","protected":false},"author":2,"featured_media":0,"comment_status":"closed","ping_status":"open","sticky":false,"template":"","format":"standard","meta":[],"categories":[49],"tags":[],"_links":{"self":[{"href":"https:\/\/www.lejournalduforkane.com\/index.php\/wp-json\/wp\/v2\/posts\/22290"}],"collection":[{"href":"https:\/\/www.lejournalduforkane.com\/index.php\/wp-json\/wp\/v2\/posts"}],"about":[{"href":"https:\/\/www.lejournalduforkane.com\/index.php\/wp-json\/wp\/v2\/types\/post"}],"author":[{"embeddable":true,"href":"https:\/\/www.lejournalduforkane.com\/index.php\/wp-json\/wp\/v2\/users\/2"}],"replies":[{"embeddable":true,"href":"https:\/\/www.lejournalduforkane.com\/index.php\/wp-json\/wp\/v2\/comments?post=22290"}],"version-history":[{"count":1,"href":"https:\/\/www.lejournalduforkane.com\/index.php\/wp-json\/wp\/v2\/posts\/22290\/revisions"}],"predecessor-version":[{"id":22292,"href":"https:\/\/www.lejournalduforkane.com\/index.php\/wp-json\/wp\/v2\/posts\/22290\/revisions\/22292"}],"wp:attachment":[{"href":"https:\/\/www.lejournalduforkane.com\/index.php\/wp-json\/wp\/v2\/media?parent=22290"}],"wp:term":[{"taxonomy":"category","embeddable":true,"href":"https:\/\/www.lejournalduforkane.com\/index.php\/wp-json\/wp\/v2\/categories?post=22290"},{"taxonomy":"post_tag","embeddable":true,"href":"https:\/\/www.lejournalduforkane.com\/index.php\/wp-json\/wp\/v2\/tags?post=22290"}],"curies":[{"name":"wp","href":"https:\/\/api.w.org\/{rel}","templated":true}]}}