
{"id":22298,"date":"2019-03-20T19:42:08","date_gmt":"2019-03-20T19:42:08","guid":{"rendered":"https:\/\/www.lejournalduforkane.com\/?p=22298"},"modified":"2019-03-20T19:42:08","modified_gmt":"2019-03-20T19:42:08","slug":"video-le-processus-de-demolition-dune-ecole-primaire-palestinienne-dans-le-camp-de-refugies-de-shufat-jerusalem-occupee-par-loccupation-israelienne-a-commence","status":"publish","type":"post","link":"https:\/\/www.lejournalduforkane.com\/index.php\/video-le-processus-de-demolition-dune-ecole-primaire-palestinienne-dans-le-camp-de-refugies-de-shufat-jerusalem-occupee-par-loccupation-israelienne-a-commence\/","title":{"rendered":"Vid\u00e9o | Le processus de d\u00e9molition d&rsquo;une \u00e9cole primaire palestinienne dans le camp de r\u00e9fugi\u00e9s de Shu&rsquo;fat, J\u00e9rusalem occup\u00e9e, par l&rsquo;occupation isra\u00e9lienne a commenc\u00e9 !"},"content":{"rendered":"<p><!--more--><\/p>\n<p>L&rsquo;\u00e9cole n&rsquo;a pas \u00e9t\u00e9 notifi\u00e9e \u00e0 l&rsquo;avance de la d\u00e9molition !!!<\/p>\n<p><iframe loading=\"lazy\" width=\"720\" height=\"405\" src=\"\/\/rutube.ru\/play\/embed\/12177628\" frameborder=\"0\" webkitAllowFullScreen mozallowfullscreen allowfullscreen><\/iframe><\/p>\n","protected":false},"excerpt":{"rendered":"L'\u00e9cole n'a pas \u00e9t\u00e9 notifi\u00e9e \u00e0 l'avance de la d\u00e9molition !!!","protected":false},"author":2,"featured_media":0,"comment_status":"closed","ping_status":"open","sticky":false,"template":"","format":"standard","meta":[],"categories":[49],"tags":[],"_links":{"self":[{"href":"https:\/\/www.lejournalduforkane.com\/index.php\/wp-json\/wp\/v2\/posts\/22298"}],"collection":[{"href":"https:\/\/www.lejournalduforkane.com\/index.php\/wp-json\/wp\/v2\/posts"}],"about":[{"href":"https:\/\/www.lejournalduforkane.com\/index.php\/wp-json\/wp\/v2\/types\/post"}],"author":[{"embeddable":true,"href":"https:\/\/www.lejournalduforkane.com\/index.php\/wp-json\/wp\/v2\/users\/2"}],"replies":[{"embeddable":true,"href":"https:\/\/www.lejournalduforkane.com\/index.php\/wp-json\/wp\/v2\/comments?post=22298"}],"version-history":[{"count":1,"href":"https:\/\/www.lejournalduforkane.com\/index.php\/wp-json\/wp\/v2\/posts\/22298\/revisions"}],"predecessor-version":[{"id":22300,"href":"https:\/\/www.lejournalduforkane.com\/index.php\/wp-json\/wp\/v2\/posts\/22298\/revisions\/22300"}],"wp:attachment":[{"href":"https:\/\/www.lejournalduforkane.com\/index.php\/wp-json\/wp\/v2\/media?parent=22298"}],"wp:term":[{"taxonomy":"category","embeddable":true,"href":"https:\/\/www.lejournalduforkane.com\/index.php\/wp-json\/wp\/v2\/categories?post=22298"},{"taxonomy":"post_tag","embeddable":true,"href":"https:\/\/www.lejournalduforkane.com\/index.php\/wp-json\/wp\/v2\/tags?post=22298"}],"curies":[{"name":"wp","href":"https:\/\/api.w.org\/{rel}","templated":true}]}}