
{"id":22301,"date":"2019-03-20T19:46:20","date_gmt":"2019-03-20T19:46:20","guid":{"rendered":"https:\/\/www.lejournalduforkane.com\/?p=22301"},"modified":"2019-03-20T19:46:31","modified_gmt":"2019-03-20T19:46:31","slug":"video-le-metro-de-teheran-est-le-plus-propre-au-monde","status":"publish","type":"post","link":"https:\/\/www.lejournalduforkane.com\/index.php\/video-le-metro-de-teheran-est-le-plus-propre-au-monde\/","title":{"rendered":"[Vid\u00e9o] | Le m\u00e9tro de T\u00e9h\u00e9ran est le plus propre au monde"},"content":{"rendered":"<p><!--more--><\/p>\n<p>L&rsquo;Islam nous apprend que \u00a0\u00bb la propret\u00e9 fait partie de la Foi<\/p>\n<p><iframe loading=\"lazy\" width=\"620\" height=\"405\" src=\"\/\/rutube.ru\/play\/embed\/12177633\" frameborder=\"0\" webkitAllowFullScreen mozallowfullscreen allowfullscreen><\/iframe><\/p>\n","protected":false},"excerpt":{"rendered":"L'Islam nous apprend que \" la propret\u00e9 fait partie de la Foi","protected":false},"author":2,"featured_media":0,"comment_status":"closed","ping_status":"open","sticky":false,"template":"","format":"standard","meta":[],"categories":[49],"tags":[],"_links":{"self":[{"href":"https:\/\/www.lejournalduforkane.com\/index.php\/wp-json\/wp\/v2\/posts\/22301"}],"collection":[{"href":"https:\/\/www.lejournalduforkane.com\/index.php\/wp-json\/wp\/v2\/posts"}],"about":[{"href":"https:\/\/www.lejournalduforkane.com\/index.php\/wp-json\/wp\/v2\/types\/post"}],"author":[{"embeddable":true,"href":"https:\/\/www.lejournalduforkane.com\/index.php\/wp-json\/wp\/v2\/users\/2"}],"replies":[{"embeddable":true,"href":"https:\/\/www.lejournalduforkane.com\/index.php\/wp-json\/wp\/v2\/comments?post=22301"}],"version-history":[{"count":2,"href":"https:\/\/www.lejournalduforkane.com\/index.php\/wp-json\/wp\/v2\/posts\/22301\/revisions"}],"predecessor-version":[{"id":22304,"href":"https:\/\/www.lejournalduforkane.com\/index.php\/wp-json\/wp\/v2\/posts\/22301\/revisions\/22304"}],"wp:attachment":[{"href":"https:\/\/www.lejournalduforkane.com\/index.php\/wp-json\/wp\/v2\/media?parent=22301"}],"wp:term":[{"taxonomy":"category","embeddable":true,"href":"https:\/\/www.lejournalduforkane.com\/index.php\/wp-json\/wp\/v2\/categories?post=22301"},{"taxonomy":"post_tag","embeddable":true,"href":"https:\/\/www.lejournalduforkane.com\/index.php\/wp-json\/wp\/v2\/tags?post=22301"}],"curies":[{"name":"wp","href":"https:\/\/api.w.org\/{rel}","templated":true}]}}