
{"id":22315,"date":"2019-03-20T19:54:15","date_gmt":"2019-03-20T19:54:15","guid":{"rendered":"https:\/\/www.lejournalduforkane.com\/?p=22315"},"modified":"2019-03-20T19:54:15","modified_gmt":"2019-03-20T19:54:15","slug":"le-major-general-bagheri-chef-detat-major-des-forces-armees-iraniennes-est-en-syrie-pour-la-reunion-tripartite-de-defense-de-liran-de-lirak-et-de-la-syrie","status":"publish","type":"post","link":"https:\/\/www.lejournalduforkane.com\/index.php\/le-major-general-bagheri-chef-detat-major-des-forces-armees-iraniennes-est-en-syrie-pour-la-reunion-tripartite-de-defense-de-liran-de-lirak-et-de-la-syrie\/","title":{"rendered":"Le Major G\u00e9n\u00e9ral Bagheri chef d&rsquo;\u00e9tat-Major des forces arm\u00e9es iraniennes est en Syrie pour la r\u00e9union tripartite de d\u00e9fense de l&rsquo;Iran, de l&rsquo;Irak et de la Syrie"},"content":{"rendered":"<p><!--more--><\/p>\n<p>Le Major G\u00e9n\u00e9ral Bagheri chef d&rsquo;\u00e9tat-Major des forces arm\u00e9es iraniennes est en Syrie pour la r\u00e9union tripartite de d\u00e9fense de l&rsquo;Iran, de l&rsquo;Irak et de la Syrie.<\/p>\n<p>Nouvelle Alliance&#8230;<\/p>\n<p><iframe loading=\"lazy\" width=\"620\" height=\"405\" src=\"\/\/rutube.ru\/play\/embed\/12177650\" frameborder=\"0\" webkitAllowFullScreen mozallowfullscreen allowfullscreen><\/iframe><\/p>\n","protected":false},"excerpt":{"rendered":"Le Major G\u00e9n\u00e9ral Bagheri chef d'\u00e9tat-Major des forces arm\u00e9es iraniennes est en Syrie pour la r\u00e9union tripartite de d\u00e9fense de l'Iran, de l'Irak et de la Syrie. Nouvelle Alliance...","protected":false},"author":2,"featured_media":0,"comment_status":"closed","ping_status":"open","sticky":false,"template":"","format":"standard","meta":[],"categories":[49],"tags":[],"_links":{"self":[{"href":"https:\/\/www.lejournalduforkane.com\/index.php\/wp-json\/wp\/v2\/posts\/22315"}],"collection":[{"href":"https:\/\/www.lejournalduforkane.com\/index.php\/wp-json\/wp\/v2\/posts"}],"about":[{"href":"https:\/\/www.lejournalduforkane.com\/index.php\/wp-json\/wp\/v2\/types\/post"}],"author":[{"embeddable":true,"href":"https:\/\/www.lejournalduforkane.com\/index.php\/wp-json\/wp\/v2\/users\/2"}],"replies":[{"embeddable":true,"href":"https:\/\/www.lejournalduforkane.com\/index.php\/wp-json\/wp\/v2\/comments?post=22315"}],"version-history":[{"count":1,"href":"https:\/\/www.lejournalduforkane.com\/index.php\/wp-json\/wp\/v2\/posts\/22315\/revisions"}],"predecessor-version":[{"id":22317,"href":"https:\/\/www.lejournalduforkane.com\/index.php\/wp-json\/wp\/v2\/posts\/22315\/revisions\/22317"}],"wp:attachment":[{"href":"https:\/\/www.lejournalduforkane.com\/index.php\/wp-json\/wp\/v2\/media?parent=22315"}],"wp:term":[{"taxonomy":"category","embeddable":true,"href":"https:\/\/www.lejournalduforkane.com\/index.php\/wp-json\/wp\/v2\/categories?post=22315"},{"taxonomy":"post_tag","embeddable":true,"href":"https:\/\/www.lejournalduforkane.com\/index.php\/wp-json\/wp\/v2\/tags?post=22315"}],"curies":[{"name":"wp","href":"https:\/\/api.w.org\/{rel}","templated":true}]}}