
{"id":22318,"date":"2019-03-22T05:36:00","date_gmt":"2019-03-22T05:36:00","guid":{"rendered":"https:\/\/www.lejournalduforkane.com\/?p=22318"},"modified":"2019-03-24T05:48:44","modified_gmt":"2019-03-24T05:48:44","slug":"les-soldats-israeliens-arretent-un-enfant-palestinien-de-son-ecole-a-al-khalil-occupee-pendant-que-des-enseignants-tentent-de-proteger-lenfant","status":"publish","type":"post","link":"https:\/\/www.lejournalduforkane.com\/index.php\/les-soldats-israeliens-arretent-un-enfant-palestinien-de-son-ecole-a-al-khalil-occupee-pendant-que-des-enseignants-tentent-de-proteger-lenfant\/","title":{"rendered":"Les soldats isra\u00e9liens arr\u00eatent un enfant palestinien de son \u00e9cole \u00e0 Al-Khalil occup\u00e9e, pendant que des enseignants tentent de prot\u00e9ger l&rsquo;enfant"},"content":{"rendered":"<p><!--more--><\/p>\n<p>Les soldats isra\u00e9liens arr\u00eatent un enfant palestinien de son \u00e9cole \u00e0 Al-Khalil occup\u00e9e, pendant que des enseignants tentent de prot\u00e9ger l&rsquo;enfant.<\/p>\n<p>Quelle barbarie !!!<br \/>\n<iframe loading=\"lazy\" width=\"620\" height=\"405\" src=\"\/\/rutube.ru\/play\/embed\/12188476\" frameborder=\"0\" webkitAllowFullScreen mozallowfullscreen allowfullscreen><\/iframe><\/p>\n","protected":false},"excerpt":{"rendered":"Les soldats isra\u00e9liens arr\u00eatent un enfant palestinien de son \u00e9cole \u00e0 Al-Khalil occup\u00e9e, pendant que des enseignants tentent de prot\u00e9ger l'enfant. Quelle barbarie !!!","protected":false},"author":2,"featured_media":0,"comment_status":"closed","ping_status":"open","sticky":false,"template":"","format":"standard","meta":[],"categories":[49],"tags":[],"_links":{"self":[{"href":"https:\/\/www.lejournalduforkane.com\/index.php\/wp-json\/wp\/v2\/posts\/22318"}],"collection":[{"href":"https:\/\/www.lejournalduforkane.com\/index.php\/wp-json\/wp\/v2\/posts"}],"about":[{"href":"https:\/\/www.lejournalduforkane.com\/index.php\/wp-json\/wp\/v2\/types\/post"}],"author":[{"embeddable":true,"href":"https:\/\/www.lejournalduforkane.com\/index.php\/wp-json\/wp\/v2\/users\/2"}],"replies":[{"embeddable":true,"href":"https:\/\/www.lejournalduforkane.com\/index.php\/wp-json\/wp\/v2\/comments?post=22318"}],"version-history":[{"count":1,"href":"https:\/\/www.lejournalduforkane.com\/index.php\/wp-json\/wp\/v2\/posts\/22318\/revisions"}],"predecessor-version":[{"id":22320,"href":"https:\/\/www.lejournalduforkane.com\/index.php\/wp-json\/wp\/v2\/posts\/22318\/revisions\/22320"}],"wp:attachment":[{"href":"https:\/\/www.lejournalduforkane.com\/index.php\/wp-json\/wp\/v2\/media?parent=22318"}],"wp:term":[{"taxonomy":"category","embeddable":true,"href":"https:\/\/www.lejournalduforkane.com\/index.php\/wp-json\/wp\/v2\/categories?post=22318"},{"taxonomy":"post_tag","embeddable":true,"href":"https:\/\/www.lejournalduforkane.com\/index.php\/wp-json\/wp\/v2\/tags?post=22318"}],"curies":[{"name":"wp","href":"https:\/\/api.w.org\/{rel}","templated":true}]}}