
{"id":22329,"date":"2019-03-22T05:42:44","date_gmt":"2019-03-22T05:42:44","guid":{"rendered":"https:\/\/www.lejournalduforkane.com\/?p=22329"},"modified":"2019-03-24T05:48:54","modified_gmt":"2019-03-24T05:48:54","slug":"le-premier-ministre-de-la-nouvelle-zelande-jacinda-ardern-cite-le-prophete-mohammad-p-lors-de-la-priere-du-vendredi-en-nouvelle-zelande","status":"publish","type":"post","link":"https:\/\/www.lejournalduforkane.com\/index.php\/le-premier-ministre-de-la-nouvelle-zelande-jacinda-ardern-cite-le-prophete-mohammad-p-lors-de-la-priere-du-vendredi-en-nouvelle-zelande\/","title":{"rendered":"Le premier ministre de la nouvelle-Z\u00e9lande, Jacinda Ardern cite le Proph\u00e8te Mohammad (P) lors de la pri\u00e8re du vendredi en nouvelle-Z\u00e9lande"},"content":{"rendered":"<p><!--more--><\/p>\n<p><iframe loading=\"lazy\" width=\"620\" height=\"405\" src=\"\/\/rutube.ru\/play\/embed\/12188482\" frameborder=\"0\" webkitAllowFullScreen mozallowfullscreen allowfullscreen><\/iframe><\/p>\n","protected":false},"excerpt":{"rendered":"","protected":false},"author":2,"featured_media":0,"comment_status":"closed","ping_status":"open","sticky":false,"template":"","format":"standard","meta":[],"categories":[49],"tags":[],"_links":{"self":[{"href":"https:\/\/www.lejournalduforkane.com\/index.php\/wp-json\/wp\/v2\/posts\/22329"}],"collection":[{"href":"https:\/\/www.lejournalduforkane.com\/index.php\/wp-json\/wp\/v2\/posts"}],"about":[{"href":"https:\/\/www.lejournalduforkane.com\/index.php\/wp-json\/wp\/v2\/types\/post"}],"author":[{"embeddable":true,"href":"https:\/\/www.lejournalduforkane.com\/index.php\/wp-json\/wp\/v2\/users\/2"}],"replies":[{"embeddable":true,"href":"https:\/\/www.lejournalduforkane.com\/index.php\/wp-json\/wp\/v2\/comments?post=22329"}],"version-history":[{"count":1,"href":"https:\/\/www.lejournalduforkane.com\/index.php\/wp-json\/wp\/v2\/posts\/22329\/revisions"}],"predecessor-version":[{"id":22331,"href":"https:\/\/www.lejournalduforkane.com\/index.php\/wp-json\/wp\/v2\/posts\/22329\/revisions\/22331"}],"wp:attachment":[{"href":"https:\/\/www.lejournalduforkane.com\/index.php\/wp-json\/wp\/v2\/media?parent=22329"}],"wp:term":[{"taxonomy":"category","embeddable":true,"href":"https:\/\/www.lejournalduforkane.com\/index.php\/wp-json\/wp\/v2\/categories?post=22329"},{"taxonomy":"post_tag","embeddable":true,"href":"https:\/\/www.lejournalduforkane.com\/index.php\/wp-json\/wp\/v2\/tags?post=22329"}],"curies":[{"name":"wp","href":"https:\/\/api.w.org\/{rel}","templated":true}]}}