
{"id":22332,"date":"2019-03-22T05:46:28","date_gmt":"2019-03-22T05:46:28","guid":{"rendered":"https:\/\/www.lejournalduforkane.com\/?p=22332"},"modified":"2019-03-24T05:48:59","modified_gmt":"2019-03-24T05:48:59","slug":"la-premiere-priere-du-vendredi-de-la-nouvelle-zelande-apres-lattaque-de-tir-terroriste","status":"publish","type":"post","link":"https:\/\/www.lejournalduforkane.com\/index.php\/la-premiere-priere-du-vendredi-de-la-nouvelle-zelande-apres-lattaque-de-tir-terroriste\/","title":{"rendered":"La premi\u00e8re pri\u00e8re du vendredi de la nouvelle-Z\u00e9lande apr\u00e8s l&rsquo;attaque de tir terroriste"},"content":{"rendered":"<p><!--more--><\/p>\n<p>La premi\u00e8re pri\u00e8re du vendredi de la nouvelle-Z\u00e9lande apr\u00e8s l&rsquo;attaque de tir terroriste.<\/p>\n<p>Une si belle et inspirante solidarit\u00e9 !<\/p>\n<p><iframe loading=\"lazy\" width=\"620\" height=\"405\" src=\"\/\/rutube.ru\/play\/embed\/12188487\" frameborder=\"0\" webkitAllowFullScreen mozallowfullscreen allowfullscreen><\/iframe><\/p>\n","protected":false},"excerpt":{"rendered":"La premi\u00e8re pri\u00e8re du vendredi de la nouvelle-Z\u00e9lande apr\u00e8s l'attaque de tir terroriste. Une si belle et inspirante solidarit\u00e9 !","protected":false},"author":2,"featured_media":0,"comment_status":"closed","ping_status":"open","sticky":false,"template":"","format":"standard","meta":[],"categories":[49],"tags":[],"_links":{"self":[{"href":"https:\/\/www.lejournalduforkane.com\/index.php\/wp-json\/wp\/v2\/posts\/22332"}],"collection":[{"href":"https:\/\/www.lejournalduforkane.com\/index.php\/wp-json\/wp\/v2\/posts"}],"about":[{"href":"https:\/\/www.lejournalduforkane.com\/index.php\/wp-json\/wp\/v2\/types\/post"}],"author":[{"embeddable":true,"href":"https:\/\/www.lejournalduforkane.com\/index.php\/wp-json\/wp\/v2\/users\/2"}],"replies":[{"embeddable":true,"href":"https:\/\/www.lejournalduforkane.com\/index.php\/wp-json\/wp\/v2\/comments?post=22332"}],"version-history":[{"count":1,"href":"https:\/\/www.lejournalduforkane.com\/index.php\/wp-json\/wp\/v2\/posts\/22332\/revisions"}],"predecessor-version":[{"id":22334,"href":"https:\/\/www.lejournalduforkane.com\/index.php\/wp-json\/wp\/v2\/posts\/22332\/revisions\/22334"}],"wp:attachment":[{"href":"https:\/\/www.lejournalduforkane.com\/index.php\/wp-json\/wp\/v2\/media?parent=22332"}],"wp:term":[{"taxonomy":"category","embeddable":true,"href":"https:\/\/www.lejournalduforkane.com\/index.php\/wp-json\/wp\/v2\/categories?post=22332"},{"taxonomy":"post_tag","embeddable":true,"href":"https:\/\/www.lejournalduforkane.com\/index.php\/wp-json\/wp\/v2\/tags?post=22332"}],"curies":[{"name":"wp","href":"https:\/\/api.w.org\/{rel}","templated":true}]}}