
{"id":22428,"date":"2019-03-31T18:35:06","date_gmt":"2019-03-31T18:35:06","guid":{"rendered":"https:\/\/www.lejournalduforkane.com\/?p=22428"},"modified":"2019-04-01T18:41:52","modified_gmt":"2019-04-01T18:41:52","slug":"manifestation-a-amsterdam-pays-bas-en-solidarite-avec-les-palestiniens-commemorant-le-premier-anniversaire-de-la-grande-marche-du-retour","status":"publish","type":"post","link":"https:\/\/www.lejournalduforkane.com\/index.php\/manifestation-a-amsterdam-pays-bas-en-solidarite-avec-les-palestiniens-commemorant-le-premier-anniversaire-de-la-grande-marche-du-retour\/","title":{"rendered":"Manifestation \u00e0 Amsterdam, Pays-bas en solidarit\u00e9 avec les palestiniens comm\u00e9morant le premier anniversaire de la Grande Marche du Retour"},"content":{"rendered":"<p><!--more--><\/p>\n<p><iframe loading=\"lazy\" width=\"620\" height=\"405\" src=\"\/\/rutube.ru\/play\/embed\/12220494\" frameborder=\"0\" webkitAllowFullScreen mozallowfullscreen allowfullscreen><\/iframe><\/p>\n","protected":false},"excerpt":{"rendered":"","protected":false},"author":2,"featured_media":0,"comment_status":"closed","ping_status":"open","sticky":false,"template":"","format":"standard","meta":[],"categories":[49],"tags":[],"_links":{"self":[{"href":"https:\/\/www.lejournalduforkane.com\/index.php\/wp-json\/wp\/v2\/posts\/22428"}],"collection":[{"href":"https:\/\/www.lejournalduforkane.com\/index.php\/wp-json\/wp\/v2\/posts"}],"about":[{"href":"https:\/\/www.lejournalduforkane.com\/index.php\/wp-json\/wp\/v2\/types\/post"}],"author":[{"embeddable":true,"href":"https:\/\/www.lejournalduforkane.com\/index.php\/wp-json\/wp\/v2\/users\/2"}],"replies":[{"embeddable":true,"href":"https:\/\/www.lejournalduforkane.com\/index.php\/wp-json\/wp\/v2\/comments?post=22428"}],"version-history":[{"count":1,"href":"https:\/\/www.lejournalduforkane.com\/index.php\/wp-json\/wp\/v2\/posts\/22428\/revisions"}],"predecessor-version":[{"id":22430,"href":"https:\/\/www.lejournalduforkane.com\/index.php\/wp-json\/wp\/v2\/posts\/22428\/revisions\/22430"}],"wp:attachment":[{"href":"https:\/\/www.lejournalduforkane.com\/index.php\/wp-json\/wp\/v2\/media?parent=22428"}],"wp:term":[{"taxonomy":"category","embeddable":true,"href":"https:\/\/www.lejournalduforkane.com\/index.php\/wp-json\/wp\/v2\/categories?post=22428"},{"taxonomy":"post_tag","embeddable":true,"href":"https:\/\/www.lejournalduforkane.com\/index.php\/wp-json\/wp\/v2\/tags?post=22428"}],"curies":[{"name":"wp","href":"https:\/\/api.w.org\/{rel}","templated":true}]}}